{"id":15941,"date":"2013-04-25T20:20:10","date_gmt":"2013-04-25T23:20:10","guid":{"rendered":"http:\/\/vocesdebaires.com.ar\/wordpress\/index.php\/2013\/04\/25\/arbitros-para-este-fin-de-semana\/"},"modified":"2013-04-25T20:20:10","modified_gmt":"2013-04-25T23:20:10","slug":"arbitros-para-este-fin-de-semana","status":"publish","type":"post","link":"https:\/\/vocesdebaires.com.ar\/index.php\/2013\/04\/25\/arbitros-para-este-fin-de-semana\/","title":{"rendered":"\u00c0rbitros para este fin de semana"},"content":{"rendered":"<p>\u00a0<br \/>\n\u00a0<br \/>\n\u00a0<br \/>\nPrimera B, fecha 38<br \/>\n S\u00e1bado 27 de abril<br \/>\n11.00&#8211; Dep. Armenio-Def. de Belgrano, \u00e1rbitro: Jos\u00e9 Carreras<br \/>\n13.05&#8211; Atlanta-Acassuso, \u00e1rbitro: Gonzalo L\u00f3pez Aldaz\u00e1bal (TV)<br \/>\n15.30&#8211; Ctral. C\u00f3rdoba (Ros.)-Los Andes, \u00e1rbitro: Yamil Possi<br \/>\n15.30&#8211; Comunicaciones-Trist\u00e1n Su\u00e1rez, \u00e1rbitro: Ramiro L\u00f3pez<br \/>\n Domingo 28 de abril<br \/>\n15.30&#8211; Villa San Carlos-Estudiantes, \u00e1rbitro: Carlos Stoklas<br \/>\n Lunes 29 de abril<br \/>\n15.30&#8211; Flandria-Barracas Ctral., \u00e1rbitro: Ignacio Lupani<br \/>\n15.30&#8211; Almagro-San Telmo, \u00e1rbitro: Julio Barraza<br \/>\n Martes 30 de abril<br \/>\n15.30&#8211; Colegiales-Chacarita, \u00e1rbitro: Pablo D\u00f3valo (en Deportivo Armenio)<br \/>\n21.00&#8211; Temperley-Villa D\u00e1lmine, \u00e1rbitro: Germ\u00e1n Berm\u00fadez<br \/>\n21.00&#8211; Platense-Dep. Mor\u00f3n, \u00e1rbitro: Mart\u00edn Gonaldi (TV)<br \/>\n\u00a0<\/p>\n","protected":false},"excerpt":{"rendered":"<p>\u00a0 \u00a0 \u00a0 Primera B, fecha 38 S\u00e1bado 27 de abril 11.00&#8211; Dep. Armenio-Def. de Belgrano, \u00e1rbitro: Jos\u00e9 Carreras 13.05&#8211; Atlanta-Acassuso, \u00e1rbitro: Gonzalo L\u00f3pez Aldaz\u00e1bal (TV) 15.30&#8211; Ctral. C\u00f3rdoba (Ros.)-Los Andes, \u00e1rbitro: Yamil Possi 15.30&#8211; Comunicaciones-Trist\u00e1n Su\u00e1rez, \u00e1rbitro: Ramiro L\u00f3pez Domingo 28 de abril 15.30&#8211; Villa San Carlos-Estudiantes, \u00e1rbitro: Carlos Stoklas Lunes 29 de abril [&hellip;]<\/p>\n","protected":false},"author":2,"featured_media":15942,"comment_status":"open","ping_status":"open","sticky":false,"template":"","format":"standard","meta":{"_et_pb_use_builder":"","_et_pb_old_content":"","_et_gb_content_width":"","footnotes":""},"categories":[47,14],"tags":[],"class_list":["post-15941","post","type-post","status-publish","format-standard","has-post-thumbnail","hentry","category-1o-division-b-nacional","category-deportes"],"_links":{"self":[{"href":"https:\/\/vocesdebaires.com.ar\/index.php\/wp-json\/wp\/v2\/posts\/15941"}],"collection":[{"href":"https:\/\/vocesdebaires.com.ar\/index.php\/wp-json\/wp\/v2\/posts"}],"about":[{"href":"https:\/\/vocesdebaires.com.ar\/index.php\/wp-json\/wp\/v2\/types\/post"}],"author":[{"embeddable":true,"href":"https:\/\/vocesdebaires.com.ar\/index.php\/wp-json\/wp\/v2\/users\/2"}],"replies":[{"embeddable":true,"href":"https:\/\/vocesdebaires.com.ar\/index.php\/wp-json\/wp\/v2\/comments?post=15941"}],"version-history":[{"count":0,"href":"https:\/\/vocesdebaires.com.ar\/index.php\/wp-json\/wp\/v2\/posts\/15941\/revisions"}],"wp:featuredmedia":[{"embeddable":true,"href":"https:\/\/vocesdebaires.com.ar\/index.php\/wp-json\/wp\/v2\/media\/15942"}],"wp:attachment":[{"href":"https:\/\/vocesdebaires.com.ar\/index.php\/wp-json\/wp\/v2\/media?parent=15941"}],"wp:term":[{"taxonomy":"category","embeddable":true,"href":"https:\/\/vocesdebaires.com.ar\/index.php\/wp-json\/wp\/v2\/categories?post=15941"},{"taxonomy":"post_tag","embeddable":true,"href":"https:\/\/vocesdebaires.com.ar\/index.php\/wp-json\/wp\/v2\/tags?post=15941"}],"curies":[{"name":"wp","href":"https:\/\/api.w.org\/{rel}","templated":true}]}}