{"id":15950,"date":"2013-04-26T16:38:27","date_gmt":"2013-04-26T19:38:27","guid":{"rendered":"http:\/\/vocesdebaires.com.ar\/wordpress\/index.php\/2013\/04\/26\/incidentes-en-el-hospital-psiquiatrico-del-borda\/"},"modified":"2013-04-26T16:38:27","modified_gmt":"2013-04-26T19:38:27","slug":"incidentes-en-el-hospital-psiquiatrico-del-borda","status":"publish","type":"post","link":"https:\/\/vocesdebaires.com.ar\/index.php\/2013\/04\/26\/incidentes-en-el-hospital-psiquiatrico-del-borda\/","title":{"rendered":"Incidentes en el hospital psiqui\u00e1trico  del Borda"},"content":{"rendered":"<p>Serios incidentes se registraron hoy en el hospital psiqui\u00e1trico Borda, del barrio de Barracas, cuando efectivos de la Polic\u00eda Metropolitana se enfrentaron a trabajadores del establecimiento m\u00e9dico que se oponen a la demolici\u00f3n de un taller donde se construir\u00e1 un Centro C\u00edvico. El choque tuvo lugar en un predio anexo al hospital, a 50 metros de donde funciona el taller, hasta donde los trabajadores nucleados en ATE intentaron llegar, pero cerca de 300 efectivos policiales se lo impidieron. El enfrentamiento dej\u00f3 cerca de 30 heridos, entre ellos polic\u00edas, enfermeros, periodistas, fot\u00f3grafos y legisladores. Adem\u00e1s hay varios detenidos. La vicejefa de gobierno porte\u00f1o, Mar\u00eda Eugenia Vidal, responsabiliz\u00f3 al gremio ATE de Capital por los incidentes y defendi\u00f3 el accionar de la Polic\u00eda Metropolitana al sostener que el sindicato &quot;se niega a aceptar fallos judiciales&quot; que autorizan la edificaci\u00f3n del Centro C\u00edvico.<br \/>\n La funcionaria del PRO argument\u00f3 que &quot;cuatro de los cinco&quot; gremios con representaci\u00f3n en el establecimiento sanitario &quot;firmaron un acuerdo con el gobierno (capitalino) el a\u00f1o pasado avalando la construcci\u00f3n de oficinas&quot; del Estado porte\u00f1o, como la proyectada para que ocupe el jefe de la administraci\u00f3n local, Mauricio Macri. Reiter\u00f3 que la construcci\u00f3n comenzar\u00e1 en &quot;unos terrenos aleda\u00f1os al hospital Borda&quot; y que &quot;no&quot; afectar\u00e1 al centro de salud &quot;ni a los pacientes que est\u00e1n internados&quot;, mientras exhort\u00f3 a los trabajadores que estaban en un &quot;taller de la Ciudad&quot; que funcion\u00f3 &quot;hasta agosto&quot; en ese predio a que se trasladen a otro habilitado a tal fin a &quot;menos de 100 metros&quot;.  &quot;Lamentablemente, la Polic\u00eda Metropolitana acompa\u00f1\u00f3 el inicio de la obra porque este gremio (por ATE-Capital), al no estar de acuerdo, trata de hacer las cosas que no ganaron en la Justicia por medio de la fuerza y los incidentes que se generaron tienen que ver con esto&quot;, dijo Vidal a radio Continental y al canal de cable Todo Noticias (TN).<br \/>\n Por su parte, el jefe de Gabinete porte\u00f1o, Horacio Rodr\u00edguez Larreta, justific\u00f3 la represi\u00f3n de la Metropolitana al sostener que los efectivos se &quot;defendieron&quot; de la &quot;agresi\u00f3n&quot; de trabajadores. &quot;Hay siete polic\u00edas heridos, la polic\u00eda sali\u00f3 a defenderse ante una agresi\u00f3n muy fuerte de un grupo que lleg\u00f3 despu\u00e9s a tirar piedras a los polic\u00edas y a la gente que ten\u00eda que hacer la obra&quot;, argument\u00f3 Rodr\u00edguez Larreta, por el canal TN.  En tanto, la delegaci\u00f3n de ATE en Capital Federal ratific\u00f3 el paro y movilizaci\u00f3n del pr\u00f3ximo martes a la Jefatura de Gobierno de la Ciudad. La medida ya hab\u00eda sido lanzada, para reclamar &quot;reapertura de paritarias y en defensa de lo p\u00fablico&quot;, y la marcha hab\u00eda sido programada para el martes a las 11 en Avenida de Mayo y 9 de Julio, desde donde se movilizar\u00e1n hasta el edificio comunal.<br \/>\n\u00a0<\/p>\n","protected":false},"excerpt":{"rendered":"<p>Serios incidentes se registraron hoy en el hospital psiqui\u00e1trico Borda, del barrio de Barracas, cuando efectivos de la Polic\u00eda Metropolitana se enfrentaron a trabajadores del establecimiento m\u00e9dico que se oponen a la demolici\u00f3n de un taller donde se construir\u00e1 un Centro C\u00edvico. El choque tuvo lugar en un predio anexo al hospital, a 50 metros [&hellip;]<\/p>\n","protected":false},"author":2,"featured_media":15951,"comment_status":"open","ping_status":"open","sticky":false,"template":"","format":"standard","meta":{"_et_pb_use_builder":"","_et_pb_old_content":"","_et_gb_content_width":"","footnotes":""},"categories":[11,33],"tags":[],"class_list":["post-15950","post","type-post","status-publish","format-standard","has-post-thumbnail","hentry","category-ciudad","category-sociedad-y-cultura-2"],"_links":{"self":[{"href":"https:\/\/vocesdebaires.com.ar\/index.php\/wp-json\/wp\/v2\/posts\/15950"}],"collection":[{"href":"https:\/\/vocesdebaires.com.ar\/index.php\/wp-json\/wp\/v2\/posts"}],"about":[{"href":"https:\/\/vocesdebaires.com.ar\/index.php\/wp-json\/wp\/v2\/types\/post"}],"author":[{"embeddable":true,"href":"https:\/\/vocesdebaires.com.ar\/index.php\/wp-json\/wp\/v2\/users\/2"}],"replies":[{"embeddable":true,"href":"https:\/\/vocesdebaires.com.ar\/index.php\/wp-json\/wp\/v2\/comments?post=15950"}],"version-history":[{"count":0,"href":"https:\/\/vocesdebaires.com.ar\/index.php\/wp-json\/wp\/v2\/posts\/15950\/revisions"}],"wp:featuredmedia":[{"embeddable":true,"href":"https:\/\/vocesdebaires.com.ar\/index.php\/wp-json\/wp\/v2\/media\/15951"}],"wp:attachment":[{"href":"https:\/\/vocesdebaires.com.ar\/index.php\/wp-json\/wp\/v2\/media?parent=15950"}],"wp:term":[{"taxonomy":"category","embeddable":true,"href":"https:\/\/vocesdebaires.com.ar\/index.php\/wp-json\/wp\/v2\/categories?post=15950"},{"taxonomy":"post_tag","embeddable":true,"href":"https:\/\/vocesdebaires.com.ar\/index.php\/wp-json\/wp\/v2\/tags?post=15950"}],"curies":[{"name":"wp","href":"https:\/\/api.w.org\/{rel}","templated":true}]}}