{"id":15973,"date":"2013-04-28T14:57:12","date_gmt":"2013-04-28T17:57:12","guid":{"rendered":"http:\/\/vocesdebaires.com.ar\/wordpress\/index.php\/2013\/04\/28\/el-cuerpo-legislativo-de-la-oposicion-da-su-version\/"},"modified":"2013-04-28T14:57:12","modified_gmt":"2013-04-28T17:57:12","slug":"el-cuerpo-legislativo-de-la-oposicion-da-su-version","status":"publish","type":"post","link":"https:\/\/vocesdebaires.com.ar\/index.php\/2013\/04\/28\/el-cuerpo-legislativo-de-la-oposicion-da-su-version\/","title":{"rendered":"El cuerpo legislativo de la oposici\u00f3n da su versi\u00f3n"},"content":{"rendered":"<p>Despu\u00e9s de la sesi\u00f3n especial que se realizo ayer los legisladores de la oposici\u00f3n daban su visi\u00f3n de lo ocurrido, en el Hospital Borda.\u00a0 La legisladora \u00a0porte\u00f1a del bloque Buenos Aires para Todos, Dra. Mar\u00eda Am\u00e9rica Gonz\u00e1lez, repudi\u00f3 enf\u00e1ticamente la brutal represi\u00f3n de la Polic\u00eda Metropolitana de Mauricio Macri contra legisladores (entre ellos, Fabio Basteiro, presidente del bloque BAPT), periodistas y trabajadores de ATE que se produjo en instalaciones del Hospital Borda. El presidente del Bloque, el legislador Julio Raffo, cuestion\u00f3 que Montenegro apoyara a la Metropolitana sin haber hecho una investigaci\u00f3n, y critic\u00f3 al Jefe de Gobierno, Mauricio Macri, por &quot;absolver al ministro&quot; tambi\u00e9n sin saber qu\u00e9 ocurri\u00f3<br \/>\nEl legislador Jorge Selser (Partido Socialista Aut\u00e9ntico), vicepresidente tercero y presidente de la Comisi\u00f3n de Salud de la Legislatura dijo que Macri vuelve sobre un episodio triste de la historia argentina. El legislador Pablo Bergel (Proyecto Sur). Dijo Montenegro y Macri son Beresford, y los vecinos est\u00e1n calentando el aceite. El legislador Alejandro Bodart:Dijo \u00a0&quot;Montenegro no pudo defenderlo indefendible. Pedimos su renuncia y el juicio pol\u00edtico a Mauricio Macri&quot;\u00a0 La Legisladora Delia Bisutti: Declaro que es &quot;Deplorable accionar de Montenegro en la Legislatura, deber\u00eda renunciar&quot;. Durante la sesi\u00f3n, la legisladora Mar\u00eda \u00a0Rachid, apunt\u00f3 hacia el Ministro de Seguridad, y expres\u00f3: &quot;Me gustar\u00eda que usted, y el Sr. Mauricio Macri, nos digan de qu\u00e9 ley hablan cuando dicen que reprimieron brutalmente para defender la ley<br \/>\n\u00a0<br \/>\n\u00a0<\/p>\n","protected":false},"excerpt":{"rendered":"<p>Despu\u00e9s de la sesi\u00f3n especial que se realizo ayer los legisladores de la oposici\u00f3n daban su visi\u00f3n de lo ocurrido, en el Hospital Borda.\u00a0 La legisladora \u00a0porte\u00f1a del bloque Buenos Aires para Todos, Dra. Mar\u00eda Am\u00e9rica Gonz\u00e1lez, repudi\u00f3 enf\u00e1ticamente la brutal represi\u00f3n de la Polic\u00eda Metropolitana de Mauricio Macri contra legisladores (entre ellos, Fabio Basteiro, [&hellip;]<\/p>\n","protected":false},"author":2,"featured_media":15974,"comment_status":"open","ping_status":"open","sticky":false,"template":"","format":"standard","meta":{"_et_pb_use_builder":"","_et_pb_old_content":"","_et_gb_content_width":"","footnotes":""},"categories":[11,44],"tags":[],"class_list":["post-15973","post","type-post","status-publish","format-standard","has-post-thumbnail","hentry","category-ciudad","category-funcionarios-de-la-caba"],"_links":{"self":[{"href":"https:\/\/vocesdebaires.com.ar\/index.php\/wp-json\/wp\/v2\/posts\/15973"}],"collection":[{"href":"https:\/\/vocesdebaires.com.ar\/index.php\/wp-json\/wp\/v2\/posts"}],"about":[{"href":"https:\/\/vocesdebaires.com.ar\/index.php\/wp-json\/wp\/v2\/types\/post"}],"author":[{"embeddable":true,"href":"https:\/\/vocesdebaires.com.ar\/index.php\/wp-json\/wp\/v2\/users\/2"}],"replies":[{"embeddable":true,"href":"https:\/\/vocesdebaires.com.ar\/index.php\/wp-json\/wp\/v2\/comments?post=15973"}],"version-history":[{"count":0,"href":"https:\/\/vocesdebaires.com.ar\/index.php\/wp-json\/wp\/v2\/posts\/15973\/revisions"}],"wp:featuredmedia":[{"embeddable":true,"href":"https:\/\/vocesdebaires.com.ar\/index.php\/wp-json\/wp\/v2\/media\/15974"}],"wp:attachment":[{"href":"https:\/\/vocesdebaires.com.ar\/index.php\/wp-json\/wp\/v2\/media?parent=15973"}],"wp:term":[{"taxonomy":"category","embeddable":true,"href":"https:\/\/vocesdebaires.com.ar\/index.php\/wp-json\/wp\/v2\/categories?post=15973"},{"taxonomy":"post_tag","embeddable":true,"href":"https:\/\/vocesdebaires.com.ar\/index.php\/wp-json\/wp\/v2\/tags?post=15973"}],"curies":[{"name":"wp","href":"https:\/\/api.w.org\/{rel}","templated":true}]}}