{"id":15983,"date":"2013-04-29T19:42:43","date_gmt":"2013-04-29T22:42:43","guid":{"rendered":"http:\/\/vocesdebaires.com.ar\/wordpress\/index.php\/2013\/04\/29\/30-anos-de-democraciacon-ex-intendentes-portenos\/"},"modified":"2013-04-29T19:42:43","modified_gmt":"2013-04-29T22:42:43","slug":"30-anos-de-democraciacon-ex-intendentes-portenos","status":"publish","type":"post","link":"https:\/\/vocesdebaires.com.ar\/index.php\/2013\/04\/29\/30-anos-de-democraciacon-ex-intendentes-portenos\/","title":{"rendered":"30 A\u00f1os de Democracia,con ex intendentes porte\u00f1os"},"content":{"rendered":"<p>Legislatura porte\u00f1a: en el marco de la presentaci\u00f3n del programa \u201c30 a\u00f1os de Democracia\u201d se reunieron los mandatarios que tuvo la Ciudad de Buenos Aires desde 1983 a la actualidad. El jefe de Gobierno porte\u00f1o, Mauricio Macri, junto al Vicepresidente 1\u00ba de la Legislatura, Cristian Ritondo, recibieron este lunes a los ex intendentes, Jorge Telerman, Jorge Dom\u00ednguez, Sa\u00fal Bauer, Carlos Grosso y Facundo Su\u00e1rez Lastra, en el marco del programa \u201c30 a\u00f1os de Democracia\u201d. An\u00edbal Ibarra, Enrique Olivera, Fernando de la R\u00faa, no asistieron al acto por compromiso contra\u00eddos con anterioridad.<br \/>\n El programa que cont\u00f3 con la apertura del vicepresidente 1\u00ba de la Legislatura, Cristian Ritondo, consiste en el desarrollo de actividades pol\u00edticas, culturales y sociales, la creaci\u00f3n de foros de discusi\u00f3n, la organizaci\u00f3n de seminarios tem\u00e1ticos, concursos literarios y art\u00edsticos. &quot;Hace treinta a\u00f1os se abr\u00eda en nuestro pa\u00eds una nueva etapa institucional que nos costo mucho conseguir. Muchos murieron en ese intento, otros pasamos momentos muy dif\u00edciles \u00a0Durante la dictadura militar las libertades b\u00e1sicas de nuestra sociedad no exist\u00edan. El disenso no exist\u00eda la pol\u00edtica no exist\u00eda \u00a0y el futuro no exist\u00eda \u00a0Por estoy feliz de poder presentar el programa 30 a\u00f1os de Democracia, porque considero fundamental que desde esta casa pueda crear un espacio para el debate, el intercambio, la informaci\u00f3n y la formaci\u00f3n de ciudadanos aportando ideas, enriqueci\u00e9ndose y enriqueci\u00e9ndonos a todos para celebrar la democracia&quot;, dijo Ritondo<br \/>\n Agreg\u00f3 &quot;una Democracia mejor es una Democracia con m\u00e1s dialogo, menos unilateralidad en el ejercicio del poder, con mas respeto por los reclamos sociales, sean estos de las mayor\u00edas como de las minor\u00edas \u00a0con mas justicia e inclusi\u00f3n \u00a0Hay que renovar todos los d\u00edas nuestro compromiso por cuidar y fortalecer esta Democracia que no es otra cosa que una forma de vida, de pensamiento \u00a0que nos incumbe a todos&quot; Ritondo se\u00f1al\u00f3 &quot;m\u00e1s all\u00e1 de mi pertenencia pol\u00edtica al peronismo no puedo dejar de reconocer al doctor Ra\u00fal Alfons\u00edn quien se hizo cargo del primer gobierno democr\u00e1tico el 10 de diciembre de 1983&quot;, lo que despert\u00f3 un cerrado aplauso de la concurrencia. Por su parte el ex intendente Facundo Su\u00e1rez Lastra dijo &quot;En estos 30 a\u00f1os en la Ciudad de Buenos Aires, hubo avances significativos que nos llevaron a lograr la autonom\u00eda de la ciudad con capacidad jur\u00eddica y legislativa&quot;.<br \/>\n Su\u00e1rez Lastra agreg\u00f3 &quot; cuando se trabaja con consensos y acuerdos la pol\u00edtica de la Ciudad es capaz de dar se\u00f1ales para construir una democracia para todos&quot;. El ex intendente entre entre 1994 y 1996, Jorge Dominguez, felicit\u00f3 la iniciativa del diputado Mart\u00edn Ocampo porque &quot;es una muestra de convivencia y civilidad&quot;.  Dom\u00ednguez se\u00f1al\u00f3 que &quot;la transici\u00f3n entre el municipio y jefatura de Gobierno fue sumamente positiva. Los cambios se han realizado y muy bien. Es un orgullo de festejar estos 30 a\u00f1os de Democracia&quot;.  En tanto, Jorge Telerman signific\u00f3 que &quot;como mujeres y hombres de la democracia debemos mirar lo que nos queda por hacer en la ciudad para lograr mayores grados de autonom\u00eda&quot;. Telerman breg\u00f3 para que la Naci\u00f3n, la Provincia y la Ciudad, logren acuerdos para definir que hacer con el \u00c1rea Metropolitana.<br \/>\n \u201cLa fecha del lanzamiento de este programa tiene una enorme carga simb\u00f3lica por tratarse del mismo d\u00eda, en que hace 30 a\u00f1os, la junta militar que conform\u00f3 la dictadura m\u00e1s sangrienta de nuestra historia, declar\u00f3 a los desaparecidos como legalmente muertos\u201d, se\u00f1al\u00f3 por su parte legislador del PRO Mart\u00edn Ocampo, autor de la iniciativa Ocampo resalt\u00f3 &quot;la importancia que en el sistema democr\u00e1tico tienen los derechos humanos, la paz activa, el compromiso con el otro, y la participaci\u00f3n pol\u00edtica, social y gremial\u201d,  El evento tuvo lugar en el Sal\u00f3n Eva Per\u00f3n de la Legislatura y estuvieron presentes los diputados del PRO, Jorge Garayalde, Victoria Morales Gorleri, Diana Mart\u00ednez Barrios y Carmen Polledo, Marta Varela, Lidia Saya, L\u00eda Rueda, Fernando De Andreis, Oscar Moscariello y Daniel Lipovetzky, entre otros. Tambi\u00e9n la Diputada de la Naci\u00f3n por el PRO, Laura Alonso.<br \/>\n\u00a0<br \/>\nFOTOS: LEONARDO IDORIA<br \/>\n\u00a0<br \/>\n\u00a0<\/p>\n","protected":false},"excerpt":{"rendered":"<p>Legislatura porte\u00f1a: en el marco de la presentaci\u00f3n del programa \u201c30 a\u00f1os de Democracia\u201d se reunieron los mandatarios que tuvo la Ciudad de Buenos Aires desde 1983 a la actualidad. El jefe de Gobierno porte\u00f1o, Mauricio Macri, junto al Vicepresidente 1\u00ba de la Legislatura, Cristian Ritondo, recibieron este lunes a los ex intendentes, Jorge Telerman, [&hellip;]<\/p>\n","protected":false},"author":2,"featured_media":15984,"comment_status":"open","ping_status":"open","sticky":false,"template":"","format":"standard","meta":{"_et_pb_use_builder":"","_et_pb_old_content":"","_et_gb_content_width":"","footnotes":""},"categories":[11,33],"tags":[],"class_list":["post-15983","post","type-post","status-publish","format-standard","has-post-thumbnail","hentry","category-ciudad","category-sociedad-y-cultura-2"],"_links":{"self":[{"href":"https:\/\/vocesdebaires.com.ar\/index.php\/wp-json\/wp\/v2\/posts\/15983"}],"collection":[{"href":"https:\/\/vocesdebaires.com.ar\/index.php\/wp-json\/wp\/v2\/posts"}],"about":[{"href":"https:\/\/vocesdebaires.com.ar\/index.php\/wp-json\/wp\/v2\/types\/post"}],"author":[{"embeddable":true,"href":"https:\/\/vocesdebaires.com.ar\/index.php\/wp-json\/wp\/v2\/users\/2"}],"replies":[{"embeddable":true,"href":"https:\/\/vocesdebaires.com.ar\/index.php\/wp-json\/wp\/v2\/comments?post=15983"}],"version-history":[{"count":0,"href":"https:\/\/vocesdebaires.com.ar\/index.php\/wp-json\/wp\/v2\/posts\/15983\/revisions"}],"wp:featuredmedia":[{"embeddable":true,"href":"https:\/\/vocesdebaires.com.ar\/index.php\/wp-json\/wp\/v2\/media\/15984"}],"wp:attachment":[{"href":"https:\/\/vocesdebaires.com.ar\/index.php\/wp-json\/wp\/v2\/media?parent=15983"}],"wp:term":[{"taxonomy":"category","embeddable":true,"href":"https:\/\/vocesdebaires.com.ar\/index.php\/wp-json\/wp\/v2\/categories?post=15983"},{"taxonomy":"post_tag","embeddable":true,"href":"https:\/\/vocesdebaires.com.ar\/index.php\/wp-json\/wp\/v2\/tags?post=15983"}],"curies":[{"name":"wp","href":"https:\/\/api.w.org\/{rel}","templated":true}]}}