{"id":16005,"date":"2013-08-10T00:44:42","date_gmt":"2013-08-10T03:44:42","guid":{"rendered":"http:\/\/vocesdebaires.com.ar\/wordpress\/index.php\/2013\/08\/10\/subte-linea-b-vidal-dijo-la-seguridad-esta-garantizada\/"},"modified":"2013-08-10T00:44:42","modified_gmt":"2013-08-10T03:44:42","slug":"subte-linea-b-vidal-dijo-la-seguridad-esta-garantizada","status":"publish","type":"post","link":"https:\/\/vocesdebaires.com.ar\/index.php\/2013\/08\/10\/subte-linea-b-vidal-dijo-la-seguridad-esta-garantizada\/","title":{"rendered":"Subte l\u00ednea B: Vidal dijo, &quot;La seguridad est\u00e1 garantizada&quot;"},"content":{"rendered":"<p>\u00a0<br \/>\nLa vicejefa de gobierno porte\u00f1o, Mar\u00eda Eugenia Vidal, acus\u00f3 hoy a los &quot;metrodelegados&quot; de persistir en su rechazo a operar formaciones en las dos nuevas estaciones de la l\u00ednea B para perjudicar al mandatario comunal capitalino, Mauricio Macri, al insistir con que &quot;todas las condiciones de seguridad est\u00e1n garantizadas&quot;. &quot;Que los &#8216;metrodelegados&#8217; reflexionen y entiendan que no est\u00e1n perjudicando al gobierno de Mauricio Macri, sino a m\u00e1s de 50.000 personas que necesitan usar este servicio; una cosa es un conflicto gremial y otra cosa es hacerle pensar a la gente que viaja en condiciones de peligro&quot;, enfatiz\u00f3 Vidal.<br \/>\n La vicejefa de la administraci\u00f3n capitalina se refiri\u00f3 as\u00ed a la cantidad de pasajeros que permitir\u00eda sumar la utilizaci\u00f3n de los tramos Echeverr\u00eda y Rosas, inaugurados el 26 de julio \u00faltimo en el barrio de Villa Urquiza.  Vidal, en un comunicado de prensa que reprodujo declaraciones efectuadas al canal Telef\u00e9, complet\u00f3: &quot;La verdad es que no hay justificaci\u00f3n para que esto no se resuelva cuanto antes: todas las condiciones de seguridad est\u00e1n garantizadas&quot;. Por \u00faltimo, manifest\u00f3 su esperanza de que, en lo que ser\u00eda la s\u00e9ptima reuni\u00f3n por el asunto -prevista para la tarde del lunes pr\u00f3ximo-, &quot;los &#8216;metrodelegados&#8217; entiendan&quot; que los usuarios requieren que el conflicto &quot;se resuelva cuanto antes&quot;.<br \/>\n La Asociaci\u00f3n Gremial de Trabajadores del Subte y Premetro (AGTSyP) insiste con que no existen las condiciones de seguridad necesarias para operar los trenes en las dos estaciones nuevas. Sin embargo, la Justicia porte\u00f1a rechaz\u00f3 dos recursos de amparo, uno presentado por los &#8216;metrodelegados&#8217; y el otro por el legislador porte\u00f1o de Nueva Izquierda Alejandro Bodart, que ped\u00edan la inhabilitaci\u00f3n de esos tramos por los supuestos problemas de seguridad. Durante unos d\u00edas, personal jer\u00e1rquico manej\u00f3 formaciones por esas estaciones pero ese esquema de emergencia no se pudo sostener en el tiempo.<\/p>\n","protected":false},"excerpt":{"rendered":"<p>\u00a0 La vicejefa de gobierno porte\u00f1o, Mar\u00eda Eugenia Vidal, acus\u00f3 hoy a los &quot;metrodelegados&quot; de persistir en su rechazo a operar formaciones en las dos nuevas estaciones de la l\u00ednea B para perjudicar al mandatario comunal capitalino, Mauricio Macri, al insistir con que &quot;todas las condiciones de seguridad est\u00e1n garantizadas&quot;. &quot;Que los &#8216;metrodelegados&#8217; reflexionen y [&hellip;]<\/p>\n","protected":false},"author":2,"featured_media":16006,"comment_status":"open","ping_status":"open","sticky":false,"template":"","format":"standard","meta":{"_et_pb_use_builder":"","_et_pb_old_content":"","_et_gb_content_width":"","footnotes":""},"categories":[11,33],"tags":[],"class_list":["post-16005","post","type-post","status-publish","format-standard","has-post-thumbnail","hentry","category-ciudad","category-sociedad-y-cultura-2"],"_links":{"self":[{"href":"https:\/\/vocesdebaires.com.ar\/index.php\/wp-json\/wp\/v2\/posts\/16005"}],"collection":[{"href":"https:\/\/vocesdebaires.com.ar\/index.php\/wp-json\/wp\/v2\/posts"}],"about":[{"href":"https:\/\/vocesdebaires.com.ar\/index.php\/wp-json\/wp\/v2\/types\/post"}],"author":[{"embeddable":true,"href":"https:\/\/vocesdebaires.com.ar\/index.php\/wp-json\/wp\/v2\/users\/2"}],"replies":[{"embeddable":true,"href":"https:\/\/vocesdebaires.com.ar\/index.php\/wp-json\/wp\/v2\/comments?post=16005"}],"version-history":[{"count":0,"href":"https:\/\/vocesdebaires.com.ar\/index.php\/wp-json\/wp\/v2\/posts\/16005\/revisions"}],"wp:featuredmedia":[{"embeddable":true,"href":"https:\/\/vocesdebaires.com.ar\/index.php\/wp-json\/wp\/v2\/media\/16006"}],"wp:attachment":[{"href":"https:\/\/vocesdebaires.com.ar\/index.php\/wp-json\/wp\/v2\/media?parent=16005"}],"wp:term":[{"taxonomy":"category","embeddable":true,"href":"https:\/\/vocesdebaires.com.ar\/index.php\/wp-json\/wp\/v2\/categories?post=16005"},{"taxonomy":"post_tag","embeddable":true,"href":"https:\/\/vocesdebaires.com.ar\/index.php\/wp-json\/wp\/v2\/tags?post=16005"}],"curies":[{"name":"wp","href":"https:\/\/api.w.org\/{rel}","templated":true}]}}