{"id":16017,"date":"2013-08-10T01:41:34","date_gmt":"2013-08-10T04:41:34","guid":{"rendered":"http:\/\/vocesdebaires.com.ar\/wordpress\/index.php\/2013\/08\/10\/vedaque-se-puede-hacer-y-que-no\/"},"modified":"2013-08-10T01:41:34","modified_gmt":"2013-08-10T04:41:34","slug":"vedaque-se-puede-hacer-y-que-no","status":"publish","type":"post","link":"https:\/\/vocesdebaires.com.ar\/index.php\/2013\/08\/10\/vedaque-se-puede-hacer-y-que-no\/","title":{"rendered":"Veda:Qu\u00e9 se puede hacer y qu\u00e9 no"},"content":{"rendered":"<p>\u00a0<br \/>\nDesde las 8 de hoy, rige la veda electoral y quedan prohibidos todos los actos pol\u00edticos y partidarios, de cara a las elecciones primarias del domingo, que definir\u00e1 a los candidatos a las bancas de senadores y diputados nacionales que estar\u00e1n en juego el 27 de octubre pr\u00f3ximo.<br \/>\n Hasta el cierre del acto electoral se proh\u00edbe: realizar actos p\u00fablicos de proselitismo; la emisi\u00f3n y publicaci\u00f3n de avisos publicitarios en medios televisivos, radiales y gr\u00e1ficos con el fin de promover la captaci\u00f3n del voto del elector (no est\u00e1n incluidas las redes sociales ya que no existe organismo que las regule); y la publicaci\u00f3n en medios de comunicaci\u00f3n (sean estos audiovisuales, de radiodifusi\u00f3n, gr\u00e1ficos, internet u otros) de resultados de encuestas, sondeos de opini\u00f3n, pron\u00f3sticos electorales, as\u00ed como la referencia a sus datos. Adem\u00e1s, doce horas antes y tres horas despu\u00e9s de finalizado el acto electoral se proh\u00edbe: la portaci\u00f3n de armas, el uso de banderas, divisas u otros distintivos; y tener abiertas las casas destinadas al expendio de cualquier clase de bebidas alcoh\u00f3licas, incluyendo bares, pubs, boliches.<br \/>\n En tanto, durante las elecciones del domingo y hasta tres horas despu\u00e9s del cierre de los comicios est\u00e1n prohibidos los espect\u00e1culos populares al aire libre; los espect\u00e1culos populares en recintos cerrados; las fiestas teatrales y deportivas; toda clase de reuni\u00f3n p\u00fablica que no se refiera al acto electoral; y publicar o difundir encuestas y proyecciones sobre el resultado de la elecci\u00f3n. Asimismo, a ochenta metros de la mesa receptora de votos est\u00e1 inhabilitado: la realizaci\u00f3n de reuniones de electores en los domicilios; la utilizaci\u00f3n de las viviendas como dep\u00f3sito de armas; la apertura de organismos partidarios y la distribuci\u00f3n de boletas de sufragios a los electores.<\/p>\n","protected":false},"excerpt":{"rendered":"<p>\u00a0 Desde las 8 de hoy, rige la veda electoral y quedan prohibidos todos los actos pol\u00edticos y partidarios, de cara a las elecciones primarias del domingo, que definir\u00e1 a los candidatos a las bancas de senadores y diputados nacionales que estar\u00e1n en juego el 27 de octubre pr\u00f3ximo. Hasta el cierre del acto electoral [&hellip;]<\/p>\n","protected":false},"author":2,"featured_media":16018,"comment_status":"open","ping_status":"open","sticky":false,"template":"","format":"standard","meta":{"_et_pb_use_builder":"","_et_pb_old_content":"","_et_gb_content_width":"","footnotes":""},"categories":[11,33],"tags":[],"class_list":["post-16017","post","type-post","status-publish","format-standard","has-post-thumbnail","hentry","category-ciudad","category-sociedad-y-cultura-2"],"_links":{"self":[{"href":"https:\/\/vocesdebaires.com.ar\/index.php\/wp-json\/wp\/v2\/posts\/16017"}],"collection":[{"href":"https:\/\/vocesdebaires.com.ar\/index.php\/wp-json\/wp\/v2\/posts"}],"about":[{"href":"https:\/\/vocesdebaires.com.ar\/index.php\/wp-json\/wp\/v2\/types\/post"}],"author":[{"embeddable":true,"href":"https:\/\/vocesdebaires.com.ar\/index.php\/wp-json\/wp\/v2\/users\/2"}],"replies":[{"embeddable":true,"href":"https:\/\/vocesdebaires.com.ar\/index.php\/wp-json\/wp\/v2\/comments?post=16017"}],"version-history":[{"count":0,"href":"https:\/\/vocesdebaires.com.ar\/index.php\/wp-json\/wp\/v2\/posts\/16017\/revisions"}],"wp:featuredmedia":[{"embeddable":true,"href":"https:\/\/vocesdebaires.com.ar\/index.php\/wp-json\/wp\/v2\/media\/16018"}],"wp:attachment":[{"href":"https:\/\/vocesdebaires.com.ar\/index.php\/wp-json\/wp\/v2\/media?parent=16017"}],"wp:term":[{"taxonomy":"category","embeddable":true,"href":"https:\/\/vocesdebaires.com.ar\/index.php\/wp-json\/wp\/v2\/categories?post=16017"},{"taxonomy":"post_tag","embeddable":true,"href":"https:\/\/vocesdebaires.com.ar\/index.php\/wp-json\/wp\/v2\/tags?post=16017"}],"curies":[{"name":"wp","href":"https:\/\/api.w.org\/{rel}","templated":true}]}}