{"id":16023,"date":"2013-08-12T14:56:46","date_gmt":"2013-08-12T17:56:46","guid":{"rendered":"http:\/\/vocesdebaires.com.ar\/wordpress\/index.php\/2013\/08\/12\/las-pasouna-fuerte-advertencia-a-los-k\/"},"modified":"2013-08-12T14:56:46","modified_gmt":"2013-08-12T17:56:46","slug":"las-pasouna-fuerte-advertencia-a-los-k","status":"publish","type":"post","link":"https:\/\/vocesdebaires.com.ar\/index.php\/2013\/08\/12\/las-pasouna-fuerte-advertencia-a-los-k\/","title":{"rendered":"Las PASO:Una fuerte advertencia a los K"},"content":{"rendered":"<p>\u00a0<br \/>\nAnoche a las 23.41, ya la suerte estaba echada, la tendencia era irreversible y la derrota K, en toda la l\u00ednea. La presidenta Cristina Fern\u00e1ndez de Kirchner -acompa\u00f1ada por Scioli, Insaurralde, otros candidatos y funcionarios- se par\u00f3 frente al atril. Se la vio serena, hizo las felicitaciones de protocolo (a la ciudadan\u00eda, a las otras fuerzas pol\u00edticas). Record\u00f3 lo ocurrido en 2009, cuando el oficialismo tambi\u00e9n hab\u00eda perdido. Aunque en ning\u00fan momento habl\u00f3 de &quot;derrota&quot; o rectificaciones, prometi\u00f3 &quot;redoblar esfuerzos&quot; para el 27 de octubre.<br \/>\n Lo cierto es que el kirchnerismo sufri\u00f3 ayer una derrota a\u00fan m\u00e1s contundente que en aquellas legislativas del 2009. Y el caudal de votos que hace apenas dos a\u00f1os encumbr\u00f3 a Cristina a la reelecci\u00f3n (54%) baj\u00f3 ayer a menos de la mitad. Esta vez no fue s\u00f3lo el &quot;s\u00faper distrito&quot; de Buenos Aires el que le dio la espalda, inclusive en sectores del GBA que parec\u00edan asegurados para el kirchnerismo. Y no fueron los otros distritos grandes -que habitualmente le son esquivos como Capital, Mendoza, C\u00f3rdoba y Santa Fe- los que volvieron a amargar al kirchnerismo.  Ayer recibieron sorpresas en lugares inesperados: San Juan, La Rioja, Catamarca. Tambi\u00e9n en Chubut y Santa Cruz perdi\u00f3 el FPV. Y en Jujuy tambi\u00e9n estaban en riesgo. Habr\u00e1 que ver, luego de las legislativas, cu\u00e1nto influye todo esto en la composici\u00f3n de ambas c\u00e1maras, donde el Gobierno acostumbraba en los \u00faltimos a\u00f1os a imponer su voluntad, aun en los proyectos m\u00e1s controvertidos (Memor\u00e1ndum con Ir\u00e1n, ofensiva contra la Justicia, ley de blanqueo).<\/p>\n","protected":false},"excerpt":{"rendered":"<p>\u00a0 Anoche a las 23.41, ya la suerte estaba echada, la tendencia era irreversible y la derrota K, en toda la l\u00ednea. La presidenta Cristina Fern\u00e1ndez de Kirchner -acompa\u00f1ada por Scioli, Insaurralde, otros candidatos y funcionarios- se par\u00f3 frente al atril. Se la vio serena, hizo las felicitaciones de protocolo (a la ciudadan\u00eda, a las [&hellip;]<\/p>\n","protected":false},"author":2,"featured_media":16024,"comment_status":"open","ping_status":"open","sticky":false,"template":"","format":"standard","meta":{"_et_pb_use_builder":"","_et_pb_old_content":"","_et_gb_content_width":"","footnotes":""},"categories":[12,34],"tags":[],"class_list":["post-16023","post","type-post","status-publish","format-standard","has-post-thumbnail","hentry","category-nacion","category-politica"],"_links":{"self":[{"href":"https:\/\/vocesdebaires.com.ar\/index.php\/wp-json\/wp\/v2\/posts\/16023"}],"collection":[{"href":"https:\/\/vocesdebaires.com.ar\/index.php\/wp-json\/wp\/v2\/posts"}],"about":[{"href":"https:\/\/vocesdebaires.com.ar\/index.php\/wp-json\/wp\/v2\/types\/post"}],"author":[{"embeddable":true,"href":"https:\/\/vocesdebaires.com.ar\/index.php\/wp-json\/wp\/v2\/users\/2"}],"replies":[{"embeddable":true,"href":"https:\/\/vocesdebaires.com.ar\/index.php\/wp-json\/wp\/v2\/comments?post=16023"}],"version-history":[{"count":0,"href":"https:\/\/vocesdebaires.com.ar\/index.php\/wp-json\/wp\/v2\/posts\/16023\/revisions"}],"wp:featuredmedia":[{"embeddable":true,"href":"https:\/\/vocesdebaires.com.ar\/index.php\/wp-json\/wp\/v2\/media\/16024"}],"wp:attachment":[{"href":"https:\/\/vocesdebaires.com.ar\/index.php\/wp-json\/wp\/v2\/media?parent=16023"}],"wp:term":[{"taxonomy":"category","embeddable":true,"href":"https:\/\/vocesdebaires.com.ar\/index.php\/wp-json\/wp\/v2\/categories?post=16023"},{"taxonomy":"post_tag","embeddable":true,"href":"https:\/\/vocesdebaires.com.ar\/index.php\/wp-json\/wp\/v2\/tags?post=16023"}],"curies":[{"name":"wp","href":"https:\/\/api.w.org\/{rel}","templated":true}]}}