{"id":16042,"date":"2013-08-13T13:49:25","date_gmt":"2013-08-13T16:49:25","guid":{"rendered":"http:\/\/vocesdebaires.com.ar\/wordpress\/index.php\/2013\/08\/13\/subte-b-no-llegan-a-un-acuerdo\/"},"modified":"2013-08-13T13:49:25","modified_gmt":"2013-08-13T16:49:25","slug":"subte-b-no-llegan-a-un-acuerdo","status":"publish","type":"post","link":"https:\/\/vocesdebaires.com.ar\/index.php\/2013\/08\/13\/subte-b-no-llegan-a-un-acuerdo\/","title":{"rendered":"Subte B: no llegan a un acuerdo"},"content":{"rendered":"<p>\u00a0<br \/>\nCuando todo hac\u00eda presuponer que el conflicto entre los delegados de la Asociaci\u00f3n Gremial de Trabajadores del Subte y Premetro (AGTSyP) y la Ciudad llegar\u00eda a buen puerto, en la reuni\u00f3n de anoche -la s\u00e9ptima- las diferencias no se pudieron subsanar. Y ni siquiera pautaron un nuevo encuentro. Con este escenario, la l\u00ednea B del subte, que deber\u00eda llegar a las flamantes estaciones Echeverr\u00eda y Rosas, seguir\u00e1 limitada entre Alem y Los Incas.<br \/>\nAyer, seg\u00fan fuentes de la negociaci\u00f3n, los metrodelegados endurecieron su posici\u00f3n, sobre todo despu\u00e9s de la entrada en escena del gremio de la UTA, con el que lo de la AGTSyP tienen un hist\u00f3rico enfrentamiento. Las estaciones Echeverr\u00eda y Rosas fueron inauguradas el 26 de julio, pero s\u00f3lo pudieron ser usadas tres d\u00edas. El conflicto se hab\u00eda desatado, en principio, por cuestiones de seguridad. Con el correr de las reuniones, el Gobierno porte\u00f1o revel\u00f3 que la negativa a manejar los trenes por el nuevo trayecto de 1,6 km ten\u00eda que ver con el cronograma laboral que deb\u00edan empezar a cumplir los maquinistas.<\/p>\n","protected":false},"excerpt":{"rendered":"<p>\u00a0 Cuando todo hac\u00eda presuponer que el conflicto entre los delegados de la Asociaci\u00f3n Gremial de Trabajadores del Subte y Premetro (AGTSyP) y la Ciudad llegar\u00eda a buen puerto, en la reuni\u00f3n de anoche -la s\u00e9ptima- las diferencias no se pudieron subsanar. Y ni siquiera pautaron un nuevo encuentro. Con este escenario, la l\u00ednea B [&hellip;]<\/p>\n","protected":false},"author":2,"featured_media":16043,"comment_status":"open","ping_status":"open","sticky":false,"template":"","format":"standard","meta":{"_et_pb_use_builder":"","_et_pb_old_content":"","_et_gb_content_width":"","footnotes":""},"categories":[11,33],"tags":[],"class_list":["post-16042","post","type-post","status-publish","format-standard","has-post-thumbnail","hentry","category-ciudad","category-sociedad-y-cultura-2"],"_links":{"self":[{"href":"https:\/\/vocesdebaires.com.ar\/index.php\/wp-json\/wp\/v2\/posts\/16042"}],"collection":[{"href":"https:\/\/vocesdebaires.com.ar\/index.php\/wp-json\/wp\/v2\/posts"}],"about":[{"href":"https:\/\/vocesdebaires.com.ar\/index.php\/wp-json\/wp\/v2\/types\/post"}],"author":[{"embeddable":true,"href":"https:\/\/vocesdebaires.com.ar\/index.php\/wp-json\/wp\/v2\/users\/2"}],"replies":[{"embeddable":true,"href":"https:\/\/vocesdebaires.com.ar\/index.php\/wp-json\/wp\/v2\/comments?post=16042"}],"version-history":[{"count":0,"href":"https:\/\/vocesdebaires.com.ar\/index.php\/wp-json\/wp\/v2\/posts\/16042\/revisions"}],"wp:featuredmedia":[{"embeddable":true,"href":"https:\/\/vocesdebaires.com.ar\/index.php\/wp-json\/wp\/v2\/media\/16043"}],"wp:attachment":[{"href":"https:\/\/vocesdebaires.com.ar\/index.php\/wp-json\/wp\/v2\/media?parent=16042"}],"wp:term":[{"taxonomy":"category","embeddable":true,"href":"https:\/\/vocesdebaires.com.ar\/index.php\/wp-json\/wp\/v2\/categories?post=16042"},{"taxonomy":"post_tag","embeddable":true,"href":"https:\/\/vocesdebaires.com.ar\/index.php\/wp-json\/wp\/v2\/tags?post=16042"}],"curies":[{"name":"wp","href":"https:\/\/api.w.org\/{rel}","templated":true}]}}