{"id":16050,"date":"2013-08-14T13:41:28","date_gmt":"2013-08-14T16:41:28","guid":{"rendered":"http:\/\/vocesdebaires.com.ar\/wordpress\/index.php\/2013\/08\/14\/el-sur-recibe-el-nuevo-metrobus\/"},"modified":"2013-08-14T13:41:28","modified_gmt":"2013-08-14T16:41:28","slug":"el-sur-recibe-el-nuevo-metrobus","status":"publish","type":"post","link":"https:\/\/vocesdebaires.com.ar\/index.php\/2013\/08\/14\/el-sur-recibe-el-nuevo-metrobus\/","title":{"rendered":"El Sur recibe el nuevo Metrob\u00fas"},"content":{"rendered":"<p>\u00a0<br \/>\nA tres semanas de haber habilitado el corredor de la 9 de Julio y tal como se hab\u00eda anunciado en la previa de las elecciones primarias, el Metrob\u00fas del Sur entrar\u00e1 en funcionamiento hoy a las 13. Se trata de un trazado de 23 kil\u00f3metros, el m\u00e1s largo de este sistema, que unir\u00e1 Puente La Noria y Constituci\u00f3n, y beneficiar\u00e1 a 250 mil pasajeros. A diferencia de los servicios en Juan B. Justo y en el Centro, el tercer Metrob\u00fas contar\u00e1 con dos ramales y su recorrido abarcar\u00e1 varias arterias: las principales ser\u00e1n Roca, Fern\u00e1ndez de la Cruz y Juan de Garay. Desde la Ciudad pronosticaron que los usuarios se ahorrar\u00e1n hasta 12 minutos (un 15 por ciento menos que lo que se tarda en la actualidad de punta a punta).<br \/>\n El flamante trayecto tendr\u00e1 36 estaciones y ocho paradas comunes (con el nuevo mobiliario urbano), y ser\u00e1 utilizado por 18 l\u00edneas de colectivo, siete de las cuales har\u00e1n toda la traza. Conectar\u00e1 con los ferrocarriles Roca y Belgrano Sur, y con los subtes C y H, adem\u00e1s del Premetro. Es m\u00e1s, la l\u00ednea 91 empalmar\u00e1 tambi\u00e9n con el ramal de la 9 de Julio, lo que les permitir\u00e1 a los pasajeros viajar entre Puente La Noria y Retiro con un \u00fanico medio de transporte. El resto de los colectivos ser\u00e1n el 4, 6, 23, 28, 36, 46, 47, 76, 97, 101, 114, 115, 117, 141, 143, 150 y 188. Durante los primeros d\u00edas, habr\u00e1 agentes de tr\u00e1nsito y promotoras para evitar confusiones e informar sobre las paradas. El primer trayecto partir\u00e1 desde Constituci\u00f3n por Juan de Garay, Brasil, Chiclana, Fern\u00e1ndez de la Cruz, General Paz hasta Puente La Noria. Y el regreso ser\u00e1 desde La Noria, General Paz, Fern\u00e1ndez de la Cruz, Chiclana, Brasil y Juan de Garay hasta la estaci\u00f3n Constituci\u00f3n. En tanto, el segundo ramal saldr\u00e1 tambi\u00e9n por Garay, Brasil, para luego agarrar Almafuerte, Roca y General Paz hasta La Noria. La vuelta ser\u00e1 por General Paz, Roca, S\u00e1enz, Chiclana y Brasil hasta la plaza.<\/p>\n","protected":false},"excerpt":{"rendered":"<p>\u00a0 A tres semanas de haber habilitado el corredor de la 9 de Julio y tal como se hab\u00eda anunciado en la previa de las elecciones primarias, el Metrob\u00fas del Sur entrar\u00e1 en funcionamiento hoy a las 13. Se trata de un trazado de 23 kil\u00f3metros, el m\u00e1s largo de este sistema, que unir\u00e1 Puente [&hellip;]<\/p>\n","protected":false},"author":2,"featured_media":16051,"comment_status":"open","ping_status":"open","sticky":false,"template":"","format":"standard","meta":{"_et_pb_use_builder":"","_et_pb_old_content":"","_et_gb_content_width":"","footnotes":""},"categories":[11,32],"tags":[],"class_list":["post-16050","post","type-post","status-publish","format-standard","has-post-thumbnail","hentry","category-ciudad","category-comunas"],"_links":{"self":[{"href":"https:\/\/vocesdebaires.com.ar\/index.php\/wp-json\/wp\/v2\/posts\/16050"}],"collection":[{"href":"https:\/\/vocesdebaires.com.ar\/index.php\/wp-json\/wp\/v2\/posts"}],"about":[{"href":"https:\/\/vocesdebaires.com.ar\/index.php\/wp-json\/wp\/v2\/types\/post"}],"author":[{"embeddable":true,"href":"https:\/\/vocesdebaires.com.ar\/index.php\/wp-json\/wp\/v2\/users\/2"}],"replies":[{"embeddable":true,"href":"https:\/\/vocesdebaires.com.ar\/index.php\/wp-json\/wp\/v2\/comments?post=16050"}],"version-history":[{"count":0,"href":"https:\/\/vocesdebaires.com.ar\/index.php\/wp-json\/wp\/v2\/posts\/16050\/revisions"}],"wp:featuredmedia":[{"embeddable":true,"href":"https:\/\/vocesdebaires.com.ar\/index.php\/wp-json\/wp\/v2\/media\/16051"}],"wp:attachment":[{"href":"https:\/\/vocesdebaires.com.ar\/index.php\/wp-json\/wp\/v2\/media?parent=16050"}],"wp:term":[{"taxonomy":"category","embeddable":true,"href":"https:\/\/vocesdebaires.com.ar\/index.php\/wp-json\/wp\/v2\/categories?post=16050"},{"taxonomy":"post_tag","embeddable":true,"href":"https:\/\/vocesdebaires.com.ar\/index.php\/wp-json\/wp\/v2\/tags?post=16050"}],"curies":[{"name":"wp","href":"https:\/\/api.w.org\/{rel}","templated":true}]}}