{"id":16052,"date":"2013-08-14T13:56:46","date_gmt":"2013-08-14T16:56:46","guid":{"rendered":"http:\/\/vocesdebaires.com.ar\/wordpress\/index.php\/2013\/08\/14\/cabandieeuforico-por-haber-ganado-en-una-comunas\/"},"modified":"2013-08-14T13:56:46","modified_gmt":"2013-08-14T16:56:46","slug":"cabandieeuforico-por-haber-ganado-en-una-comunas","status":"publish","type":"post","link":"https:\/\/vocesdebaires.com.ar\/index.php\/2013\/08\/14\/cabandieeuforico-por-haber-ganado-en-una-comunas\/","title":{"rendered":"Cabandi\u00e9,euf\u00f3rico por haber ganado en una comunas"},"content":{"rendered":"<p>\u00a0<br \/>\nEn sinton\u00eda con la desmedida alegr\u00eda K despu\u00e9s de las PASO, el candidato a diputado del Frente para la Victoria, Juan Cabandi\u00e9, se mostr\u00f3 hoy euf\u00f3rico por haber ganado en s\u00f3lo una de las 14 comunas de la Ciudad. &quot;Es impresionante lo que ha pasado en la Comuna 8&quot;, asegur\u00f3 Cabandi\u00e9 en un comunicado que destac\u00f3 que en esa zona, que abarca Villa Soldati, Villa Lugano y Villa Riachuelo, fue &quot;donde el FPV se impuso ante el macrismo&quot;. Durante la interna del \u00faltimo domingo, la lista K super\u00f3 al PRO por s\u00f3lo 370 votos en la comuna 8, mientras que las otras 14 el FpV termin\u00f3 en tercer lugar. En la Comuna 2 (Recoleta), fue donde menos votos sac\u00f3 (10,87 por ciento). Sin embargo, la lista de senadores encabezada por Daniel Filmus perdi\u00f3 en todas. Para Cabandi\u00e9, &quot;este triunfo en este lugar de la Ciudad nos da la fuerza para continuar la pelea. \u00c9ste es un basti\u00f3n que tenemos que defender&quot;. Adem\u00e1s, el dirigente de La C\u00e1mpora se puso como objetivo para octubre, extender el resultado de la \u00fanica comuna en la que gan\u00f3 a &quot;las comunas vecinas como la 4, la 7 y la 9&quot;.<\/p>\n","protected":false},"excerpt":{"rendered":"<p>\u00a0 En sinton\u00eda con la desmedida alegr\u00eda K despu\u00e9s de las PASO, el candidato a diputado del Frente para la Victoria, Juan Cabandi\u00e9, se mostr\u00f3 hoy euf\u00f3rico por haber ganado en s\u00f3lo una de las 14 comunas de la Ciudad. &quot;Es impresionante lo que ha pasado en la Comuna 8&quot;, asegur\u00f3 Cabandi\u00e9 en un comunicado [&hellip;]<\/p>\n","protected":false},"author":2,"featured_media":16053,"comment_status":"open","ping_status":"open","sticky":false,"template":"","format":"standard","meta":{"_et_pb_use_builder":"","_et_pb_old_content":"","_et_gb_content_width":"","footnotes":""},"categories":[11,44],"tags":[],"class_list":["post-16052","post","type-post","status-publish","format-standard","has-post-thumbnail","hentry","category-ciudad","category-funcionarios-de-la-caba"],"_links":{"self":[{"href":"https:\/\/vocesdebaires.com.ar\/index.php\/wp-json\/wp\/v2\/posts\/16052"}],"collection":[{"href":"https:\/\/vocesdebaires.com.ar\/index.php\/wp-json\/wp\/v2\/posts"}],"about":[{"href":"https:\/\/vocesdebaires.com.ar\/index.php\/wp-json\/wp\/v2\/types\/post"}],"author":[{"embeddable":true,"href":"https:\/\/vocesdebaires.com.ar\/index.php\/wp-json\/wp\/v2\/users\/2"}],"replies":[{"embeddable":true,"href":"https:\/\/vocesdebaires.com.ar\/index.php\/wp-json\/wp\/v2\/comments?post=16052"}],"version-history":[{"count":0,"href":"https:\/\/vocesdebaires.com.ar\/index.php\/wp-json\/wp\/v2\/posts\/16052\/revisions"}],"wp:featuredmedia":[{"embeddable":true,"href":"https:\/\/vocesdebaires.com.ar\/index.php\/wp-json\/wp\/v2\/media\/16053"}],"wp:attachment":[{"href":"https:\/\/vocesdebaires.com.ar\/index.php\/wp-json\/wp\/v2\/media?parent=16052"}],"wp:term":[{"taxonomy":"category","embeddable":true,"href":"https:\/\/vocesdebaires.com.ar\/index.php\/wp-json\/wp\/v2\/categories?post=16052"},{"taxonomy":"post_tag","embeddable":true,"href":"https:\/\/vocesdebaires.com.ar\/index.php\/wp-json\/wp\/v2\/tags?post=16052"}],"curies":[{"name":"wp","href":"https:\/\/api.w.org\/{rel}","templated":true}]}}