{"id":16080,"date":"2013-08-16T12:33:17","date_gmt":"2013-08-16T15:33:17","guid":{"rendered":"http:\/\/vocesdebaires.com.ar\/wordpress\/index.php\/2013\/08\/16\/evaluacion-educativa-entre-las-zonas-norte-y-sur\/"},"modified":"2013-08-16T12:33:17","modified_gmt":"2013-08-16T15:33:17","slug":"evaluacion-educativa-entre-las-zonas-norte-y-sur","status":"publish","type":"post","link":"https:\/\/vocesdebaires.com.ar\/index.php\/2013\/08\/16\/evaluacion-educativa-entre-las-zonas-norte-y-sur\/","title":{"rendered":"Evaluaci\u00f3n educativa entre las zonas norte y sur"},"content":{"rendered":"<p>\u00a0<br \/>\nLa legisladora por Buenos Aires para Todos Laura Garc\u00eda Tu\u00f1\u00f3n, se refiri\u00f3 hoy a las declaraciones del Ministro de Educaci\u00f3n porte\u00f1o Esteban Bullrich donde admite una diferencia en la evaluaci\u00f3n educativa entre las zonas norte y sur de la Ciudad. \u00a0\u201cParece sorprendente que el Ministro de Educaci\u00f3n, luego de 5 a\u00f1os y medio de gesti\u00f3n, reci\u00e9n ahora se de cuenta de las diferencias educativas entre las escuelas del norte y del sur, afirm\u00f3 Garc\u00eda Tu\u00f1\u00f3n. Las declaraciones de Bullrich se basan en el \u00faltimo informe de \u00cdndice de Equidad y Calidad de la Educaci\u00f3n Porte\u00f1a (Iecep), donde sorprendido expres\u00f3 que \u201ces muy llamativo y grave la disparidad entre Norte y Sur, casi de un 25%&quot;. \u201cNosotros venimos desde hace muchos a\u00f1os advirtiendo y analizando que la mayor discriminaci\u00f3n es hacia el interior de las escuelas p\u00fablicas\u201d, Garc\u00eda Tu\u00f1\u00f3n.<br \/>\nEl \u00faltimo informe de lecep especifica las diferencias entre comunas, siendo las comunas 13 y 14 (Belgrano, N\u00fa\u00f1ez, Colegiales y Palermo) las que presentan los mejores promedios (6,7); y las comunas 1 y 8 (Retiro, San Nicol\u00e1s, Puerto Madero, San Telmo, Monserrat, Constituci\u00f3n, Villa Soldati, Villa Riachuelo y Villa Lugano, las m\u00e1s d\u00e9biles (5 y 5,2). Las complejidades de la zona sur, a diferencia de la norte, son alarmantes. Al respecto, Garc\u00eda Tu\u00f1\u00f3n explic\u00f3: \u201cEl sur tiene diferentes posibilidades de acceso y mayor vulnerabilidad social que traen aparejadas diferentes oportunidades de acceso al conocimiento de los adolescentes. Las escuelas de zona sur est\u00e1n sobrepobladas y no se les compensa a las familias la escasez de materiales\u201d<br \/>\n\u201cTambi\u00e9n \u2013 agreg\u00f3 la legisladora &#8211; observamos que en la zona sur hay mayor cantidad de escuelas primarias de jornada simple, m\u00e1s del doble que en la zona norte. Si a esto le sumamos que tienen casi una hora menos al d\u00eda para que los chicos puedan asistir al comedor, nos da un combo perfecto para que las estad\u00edsticas de medici\u00f3n de la evaluaci\u00f3n arrojen estos resultados\u201d.\u00a0 Para finalizar, Garc\u00eda Tu\u00f1\u00f3n expres\u00f3 que \u201csi bien la Ciudad de Buenos Aires es la \u00a0m\u00e1s rica del pa\u00eds, con uno de los PBI m\u00e1s altos, es tambi\u00e9n una Ciudad muy desigual. Los m\u00e1s ricos en 2012 ganaron 13 veces m\u00e1s que los m\u00e1s pobres. \u00a0Los hogares con ni\u00f1os hasta 18 a\u00f1os son los que muestran las peores condiciones de vida. Esta territorialidad de la pobreza, que se traslada a los accesos a la calidad educativa, es lo que descubrieron desde el ejecutivo con estas mediciones.\u201d<\/p>\n","protected":false},"excerpt":{"rendered":"<p>\u00a0 La legisladora por Buenos Aires para Todos Laura Garc\u00eda Tu\u00f1\u00f3n, se refiri\u00f3 hoy a las declaraciones del Ministro de Educaci\u00f3n porte\u00f1o Esteban Bullrich donde admite una diferencia en la evaluaci\u00f3n educativa entre las zonas norte y sur de la Ciudad. \u00a0\u201cParece sorprendente que el Ministro de Educaci\u00f3n, luego de 5 a\u00f1os y medio de [&hellip;]<\/p>\n","protected":false},"author":2,"featured_media":16081,"comment_status":"open","ping_status":"open","sticky":false,"template":"","format":"standard","meta":{"_et_pb_use_builder":"","_et_pb_old_content":"","_et_gb_content_width":"","footnotes":""},"categories":[11,33],"tags":[],"class_list":["post-16080","post","type-post","status-publish","format-standard","has-post-thumbnail","hentry","category-ciudad","category-sociedad-y-cultura-2"],"_links":{"self":[{"href":"https:\/\/vocesdebaires.com.ar\/index.php\/wp-json\/wp\/v2\/posts\/16080"}],"collection":[{"href":"https:\/\/vocesdebaires.com.ar\/index.php\/wp-json\/wp\/v2\/posts"}],"about":[{"href":"https:\/\/vocesdebaires.com.ar\/index.php\/wp-json\/wp\/v2\/types\/post"}],"author":[{"embeddable":true,"href":"https:\/\/vocesdebaires.com.ar\/index.php\/wp-json\/wp\/v2\/users\/2"}],"replies":[{"embeddable":true,"href":"https:\/\/vocesdebaires.com.ar\/index.php\/wp-json\/wp\/v2\/comments?post=16080"}],"version-history":[{"count":0,"href":"https:\/\/vocesdebaires.com.ar\/index.php\/wp-json\/wp\/v2\/posts\/16080\/revisions"}],"wp:featuredmedia":[{"embeddable":true,"href":"https:\/\/vocesdebaires.com.ar\/index.php\/wp-json\/wp\/v2\/media\/16081"}],"wp:attachment":[{"href":"https:\/\/vocesdebaires.com.ar\/index.php\/wp-json\/wp\/v2\/media?parent=16080"}],"wp:term":[{"taxonomy":"category","embeddable":true,"href":"https:\/\/vocesdebaires.com.ar\/index.php\/wp-json\/wp\/v2\/categories?post=16080"},{"taxonomy":"post_tag","embeddable":true,"href":"https:\/\/vocesdebaires.com.ar\/index.php\/wp-json\/wp\/v2\/tags?post=16080"}],"curies":[{"name":"wp","href":"https:\/\/api.w.org\/{rel}","templated":true}]}}