{"id":16108,"date":"2013-08-20T13:27:59","date_gmt":"2013-08-20T16:27:59","guid":{"rendered":"http:\/\/vocesdebaires.com.ar\/wordpress\/index.php\/2013\/08\/20\/a-puro-tango-se-agotaron-las-entradas\/"},"modified":"2013-08-20T13:27:59","modified_gmt":"2013-08-20T16:27:59","slug":"a-puro-tango-se-agotaron-las-entradas","status":"publish","type":"post","link":"https:\/\/vocesdebaires.com.ar\/index.php\/2013\/08\/20\/a-puro-tango-se-agotaron-las-entradas\/","title":{"rendered":"A puro tango: se agotaron las entradas"},"content":{"rendered":"<p>\u00a0<br \/>\nEl Festival y Mundial de Tango en la Ciudad, ya es un boom. Las entradas gratuitas para las finales del Mundial de Tango que se realizar\u00e1n el 26 y 27 de agosto en el estadio Luna Park se agotaron en dos horas y media. Las rondas clasificatorias para el festival de 2&#215;4 se iniciaron ayer, con un r\u00e9cord de 556 parejas inscriptas de 37 pa\u00edses, entre ellos Alemania, Argentina, Australia, Austria, B\u00e9lgica, Bolivia, Brasil, China, Espa\u00f1a, Estados Unidos y Rusia. Las finales de las categor\u00edas Tango de Pista y Tango Escenario tendr\u00e1n una asistencia de 6 mil personas por jornada, con entradas agotadas.<br \/>\n La entrega gratuita de localidades arranc\u00f3 ayer a las 11 en el Centro de Exposiciones y finaliz\u00f3 a las 14, mientras la fila de gente para retirarlas comenz\u00f3 a formarse el domingo, seg\u00fan informaron los organizadores. Adem\u00e1s de la competencia el 26 y 27 de agosto actuar\u00e1n los m\u00fasicos Leopoldo Federico, N\u00e9stor Marconi, Julio Pane, Rodolfo Mederos, la bailarina Milena Plebs y la cantante Amelita Baltar, entre otros artistas. Tras la entrega de entradas, Hern\u00e1n Lombardi, Ministro de Cultura porte\u00f1o dijo que \u201cel Festival y Mundial sigue creciendo a\u00f1o a a\u00f1o. En un mundo desangelado, el Tango es abrazo y pasi\u00f3n y eso es lo que la gente viene a buscar\u201d.<\/p>\n","protected":false},"excerpt":{"rendered":"<p>\u00a0 El Festival y Mundial de Tango en la Ciudad, ya es un boom. Las entradas gratuitas para las finales del Mundial de Tango que se realizar\u00e1n el 26 y 27 de agosto en el estadio Luna Park se agotaron en dos horas y media. Las rondas clasificatorias para el festival de 2&#215;4 se iniciaron [&hellip;]<\/p>\n","protected":false},"author":2,"featured_media":16109,"comment_status":"open","ping_status":"open","sticky":false,"template":"","format":"standard","meta":{"_et_pb_use_builder":"","_et_pb_old_content":"","_et_gb_content_width":"","footnotes":""},"categories":[11,33],"tags":[],"class_list":["post-16108","post","type-post","status-publish","format-standard","has-post-thumbnail","hentry","category-ciudad","category-sociedad-y-cultura-2"],"_links":{"self":[{"href":"https:\/\/vocesdebaires.com.ar\/index.php\/wp-json\/wp\/v2\/posts\/16108"}],"collection":[{"href":"https:\/\/vocesdebaires.com.ar\/index.php\/wp-json\/wp\/v2\/posts"}],"about":[{"href":"https:\/\/vocesdebaires.com.ar\/index.php\/wp-json\/wp\/v2\/types\/post"}],"author":[{"embeddable":true,"href":"https:\/\/vocesdebaires.com.ar\/index.php\/wp-json\/wp\/v2\/users\/2"}],"replies":[{"embeddable":true,"href":"https:\/\/vocesdebaires.com.ar\/index.php\/wp-json\/wp\/v2\/comments?post=16108"}],"version-history":[{"count":0,"href":"https:\/\/vocesdebaires.com.ar\/index.php\/wp-json\/wp\/v2\/posts\/16108\/revisions"}],"wp:featuredmedia":[{"embeddable":true,"href":"https:\/\/vocesdebaires.com.ar\/index.php\/wp-json\/wp\/v2\/media\/16109"}],"wp:attachment":[{"href":"https:\/\/vocesdebaires.com.ar\/index.php\/wp-json\/wp\/v2\/media?parent=16108"}],"wp:term":[{"taxonomy":"category","embeddable":true,"href":"https:\/\/vocesdebaires.com.ar\/index.php\/wp-json\/wp\/v2\/categories?post=16108"},{"taxonomy":"post_tag","embeddable":true,"href":"https:\/\/vocesdebaires.com.ar\/index.php\/wp-json\/wp\/v2\/tags?post=16108"}],"curies":[{"name":"wp","href":"https:\/\/api.w.org\/{rel}","templated":true}]}}