{"id":16153,"date":"2013-08-22T17:37:32","date_gmt":"2013-08-22T20:37:32","guid":{"rendered":"http:\/\/vocesdebaires.com.ar\/wordpress\/index.php\/2013\/08\/22\/jornada-de-interpretacion-y-aplicacion-de-la-constitucion\/"},"modified":"2013-08-22T17:37:32","modified_gmt":"2013-08-22T20:37:32","slug":"jornada-de-interpretacion-y-aplicacion-de-la-constitucion","status":"publish","type":"post","link":"https:\/\/vocesdebaires.com.ar\/index.php\/2013\/08\/22\/jornada-de-interpretacion-y-aplicacion-de-la-constitucion\/","title":{"rendered":"Jornada de Interpretaci\u00f3n y aplicaci\u00f3n de la Constituci\u00f3n"},"content":{"rendered":"<p>\u00a0<br \/>\nCon la presencia de destacados constitucionalistas se llev\u00f3 a cabo la Jornada de Interpretaci\u00f3n y aplicaci\u00f3n de la Constituci\u00f3n, organizada por el Diputado Enzo Pagani (PRO), durante la cual se resalt\u00f3 la importancia de respetar y defender la independencia de los tres poderes de la Naci\u00f3n tal como lo establece la Carta Magna de los argentinos.<br \/>\nLas palabras de apertura estuvieron a cargo de Pagani quien destac\u00f3 que &quot;estamos viviendo 30 a\u00f1os de ejercicio ininterrumpido de la democracia y debemos aplicarla d\u00eda a d\u00eda por eso celebramos la realizaci\u00f3n de estas jornadas que permiten mantener vigente, a trav\u00e9s de especialistas en la materia, un conocimiento detallado de la importancia de la Constituci\u00f3n&quot;.\u00a0 En el primer panel participaron el Dr. Daniel Alberto Sabsay, la Dra. Susana Cayuso y el Dr. Roberto Gargarella. Integraron el segundo panel el Dr. Marcelo L\u00f3pez Alfons\u00edn, la Dra. Adelina Loianno  y el Dr. N\u00e9stor Pedro Sagu\u00e9s. Finalmente, el \u00faltimo panel estuvo compuesto por el Dr. Gregorio Badeni, la Dra. Marcela Basterra y el Dr. Andr\u00e9s Gil Dom\u00ednguez.<br \/>\nTodos los expositores resaltaron el hecho de que la Legislatura de la Ciudad Aut\u00f3noma de Buenos Aires lleve adelante encuentros de este nivel para informar a la ciudadan\u00eda el valor que implica interpretar y aplicar en forma correcta nuestra Constituci\u00f3n, evitando medidas o iniciativas que intenten desconocer o vulnerar lo establecido en su redacci\u00f3n.\u00a0 La jornada en la que particip\u00f3 tambi\u00e9n el Diputado Francisco Quintana (PRO), tuvo lugar en el Sal\u00f3n Dorado de la Casa de la Cultura &#8211; Av. de Mayo 575 primer piso &#8211; el martes 20 de agosto de 16 a 19 hs. por encontrarse ocupados los salones del Palacio Legislativo con las urnas de las \u00faltimas elecciones. La coordinaci\u00f3n estuvo a cargo de Daniel Rodr\u00edguez Masdeu.<br \/>\n\u00a0<br \/>\nFotos 1 &#8211; El Diputado Enzo Pagani (PRO) con panelistas de la Jornada de Interpretaci\u00f3n y aplicaci\u00f3n de la Constituci\u00f3n<\/p>\n","protected":false},"excerpt":{"rendered":"<p>\u00a0 Con la presencia de destacados constitucionalistas se llev\u00f3 a cabo la Jornada de Interpretaci\u00f3n y aplicaci\u00f3n de la Constituci\u00f3n, organizada por el Diputado Enzo Pagani (PRO), durante la cual se resalt\u00f3 la importancia de respetar y defender la independencia de los tres poderes de la Naci\u00f3n tal como lo establece la Carta Magna de [&hellip;]<\/p>\n","protected":false},"author":2,"featured_media":16154,"comment_status":"open","ping_status":"open","sticky":false,"template":"","format":"standard","meta":{"_et_pb_use_builder":"","_et_pb_old_content":"","_et_gb_content_width":"","footnotes":""},"categories":[11,33],"tags":[],"class_list":["post-16153","post","type-post","status-publish","format-standard","has-post-thumbnail","hentry","category-ciudad","category-sociedad-y-cultura-2"],"_links":{"self":[{"href":"https:\/\/vocesdebaires.com.ar\/index.php\/wp-json\/wp\/v2\/posts\/16153"}],"collection":[{"href":"https:\/\/vocesdebaires.com.ar\/index.php\/wp-json\/wp\/v2\/posts"}],"about":[{"href":"https:\/\/vocesdebaires.com.ar\/index.php\/wp-json\/wp\/v2\/types\/post"}],"author":[{"embeddable":true,"href":"https:\/\/vocesdebaires.com.ar\/index.php\/wp-json\/wp\/v2\/users\/2"}],"replies":[{"embeddable":true,"href":"https:\/\/vocesdebaires.com.ar\/index.php\/wp-json\/wp\/v2\/comments?post=16153"}],"version-history":[{"count":0,"href":"https:\/\/vocesdebaires.com.ar\/index.php\/wp-json\/wp\/v2\/posts\/16153\/revisions"}],"wp:featuredmedia":[{"embeddable":true,"href":"https:\/\/vocesdebaires.com.ar\/index.php\/wp-json\/wp\/v2\/media\/16154"}],"wp:attachment":[{"href":"https:\/\/vocesdebaires.com.ar\/index.php\/wp-json\/wp\/v2\/media?parent=16153"}],"wp:term":[{"taxonomy":"category","embeddable":true,"href":"https:\/\/vocesdebaires.com.ar\/index.php\/wp-json\/wp\/v2\/categories?post=16153"},{"taxonomy":"post_tag","embeddable":true,"href":"https:\/\/vocesdebaires.com.ar\/index.php\/wp-json\/wp\/v2\/tags?post=16153"}],"curies":[{"name":"wp","href":"https:\/\/api.w.org\/{rel}","templated":true}]}}