{"id":16166,"date":"2013-08-23T14:35:22","date_gmt":"2013-08-23T17:35:22","guid":{"rendered":"http:\/\/vocesdebaires.com.ar\/wordpress\/index.php\/2013\/08\/23\/metrodelegados-paralizan-la-linea-b\/"},"modified":"2013-08-23T14:35:22","modified_gmt":"2013-08-23T17:35:22","slug":"metrodelegados-paralizan-la-linea-b","status":"publish","type":"post","link":"https:\/\/vocesdebaires.com.ar\/index.php\/2013\/08\/23\/metrodelegados-paralizan-la-linea-b\/","title":{"rendered":"Metrodelegados paralizan la l\u00ednea B"},"content":{"rendered":"<p>\u00a0<br \/>\nSorpresivamente, los metrodelegados lanzaron esta ma\u00f1ana un paro de 24 horas en la l\u00ednea B de subte para denunciar nuevos \u201cproblemas t\u00e9cnicos\u201d que imped\u00edan la normal circulaci\u00f3n de las formaciones por todo el recorrido, incluyendo las dos nuevas estaciones de Villa Urquiza. La medida de fuerza se concretaba desde las 5 de la madrugada luego de que, ayer, usuarios furiosos por demoras y trenes repletos protagonizaran incidentes con trabajadores, que incluyeron una pelea con golpes de pu\u00f1o y patadas entre un pasajero y un &quot;metrodelegado&quot;.<br \/>\n &quot;El paro est\u00e1 votado por los trabajadores para el trascurso de este d\u00eda. Los problemas t\u00e9cnicos tienen una soluci\u00f3n t\u00e9cnica, por lo que no se puede seguir con excusas de que los trabajadores no queremos que se mueva el subte cuando somos los que cotidianamente lo hacemos&quot;, enfatiz\u00f3 el &quot;metrodelegado&quot; de la l\u00ednea B Claudio Dellecarbonara. En declaraciones a la prensa efectuadas en la estaci\u00f3n Federico Lacroze, el integrante de la Asociaci\u00f3n Gremial de Trabajadores del Subterr\u00e1neo y Premetro (AGTSyP) a\u00f1adi\u00f3: &quot;Los problemas t\u00e9cnicos son responsabilidad de (la empresa concesionaria) Metrov\u00edas y de SBASE (Subterr\u00e1neos de Buenos Aires, a cargo del funcionario macrista Juan Pablo Piccardo)&quot;.<br \/>\n Por su parte, Metrov\u00edas replic\u00f3 en un comunicado que &quot;est\u00e1n dadas las condiciones para operar la l\u00ednea B en todo su recorrido&quot; -entre las terminales Alem y Rosas-, al tiempo que fustig\u00f3 a los huelguistas al sostener que tomaron una &quot;decisi\u00f3n intempestiva que deja sin transporte a miles de usuarios&quot;. No obstante, la compa\u00f1\u00eda concesionaria reconoci\u00f3 los &quot;problemas t\u00e9cnicos que se registraron ayer&quot;, aunque asegur\u00f3 que &quot;fueron solucionados durante la misma jornada&quot;. &quot;Incluso, durante la noche, se realizaron los \u00faltimos chequeos t\u00e9cnicos con el fin de que la l\u00ednea B comenzara hoy su operaci\u00f3n en hora y sin inconvenientes&quot;, concluy\u00f3.<br \/>\n\u00a0<\/p>\n","protected":false},"excerpt":{"rendered":"<p>\u00a0 Sorpresivamente, los metrodelegados lanzaron esta ma\u00f1ana un paro de 24 horas en la l\u00ednea B de subte para denunciar nuevos \u201cproblemas t\u00e9cnicos\u201d que imped\u00edan la normal circulaci\u00f3n de las formaciones por todo el recorrido, incluyendo las dos nuevas estaciones de Villa Urquiza. La medida de fuerza se concretaba desde las 5 de la madrugada [&hellip;]<\/p>\n","protected":false},"author":2,"featured_media":16167,"comment_status":"open","ping_status":"open","sticky":false,"template":"","format":"standard","meta":{"_et_pb_use_builder":"","_et_pb_old_content":"","_et_gb_content_width":"","footnotes":""},"categories":[11,33],"tags":[],"class_list":["post-16166","post","type-post","status-publish","format-standard","has-post-thumbnail","hentry","category-ciudad","category-sociedad-y-cultura-2"],"_links":{"self":[{"href":"https:\/\/vocesdebaires.com.ar\/index.php\/wp-json\/wp\/v2\/posts\/16166"}],"collection":[{"href":"https:\/\/vocesdebaires.com.ar\/index.php\/wp-json\/wp\/v2\/posts"}],"about":[{"href":"https:\/\/vocesdebaires.com.ar\/index.php\/wp-json\/wp\/v2\/types\/post"}],"author":[{"embeddable":true,"href":"https:\/\/vocesdebaires.com.ar\/index.php\/wp-json\/wp\/v2\/users\/2"}],"replies":[{"embeddable":true,"href":"https:\/\/vocesdebaires.com.ar\/index.php\/wp-json\/wp\/v2\/comments?post=16166"}],"version-history":[{"count":0,"href":"https:\/\/vocesdebaires.com.ar\/index.php\/wp-json\/wp\/v2\/posts\/16166\/revisions"}],"wp:featuredmedia":[{"embeddable":true,"href":"https:\/\/vocesdebaires.com.ar\/index.php\/wp-json\/wp\/v2\/media\/16167"}],"wp:attachment":[{"href":"https:\/\/vocesdebaires.com.ar\/index.php\/wp-json\/wp\/v2\/media?parent=16166"}],"wp:term":[{"taxonomy":"category","embeddable":true,"href":"https:\/\/vocesdebaires.com.ar\/index.php\/wp-json\/wp\/v2\/categories?post=16166"},{"taxonomy":"post_tag","embeddable":true,"href":"https:\/\/vocesdebaires.com.ar\/index.php\/wp-json\/wp\/v2\/tags?post=16166"}],"curies":[{"name":"wp","href":"https:\/\/api.w.org\/{rel}","templated":true}]}}