{"id":16179,"date":"2013-08-24T00:37:26","date_gmt":"2013-08-24T03:37:26","guid":{"rendered":"http:\/\/vocesdebaires.com.ar\/wordpress\/index.php\/2013\/08\/24\/subtela-camara-portena-ratifico-la-tarifa-2-50\/"},"modified":"2013-08-24T00:37:26","modified_gmt":"2013-08-24T03:37:26","slug":"subtela-camara-portena-ratifico-la-tarifa-2-50","status":"publish","type":"post","link":"https:\/\/vocesdebaires.com.ar\/index.php\/2013\/08\/24\/subtela-camara-portena-ratifico-la-tarifa-2-50\/","title":{"rendered":"Subte:La C\u00e1mara porte\u00f1a ratific\u00f3 la tarifa $ 2.50"},"content":{"rendered":"<p>\u00a0<br \/>\nEl legislador Alejandro Bodart (MST-Nueva Izquierda) -cuyo amparo fren\u00f3 el tarifazo del subte- inform\u00f3: &quot;En un fallo que se conoci\u00f3 hoy, la Sala II de la C\u00e1mara en lo Contencioso Administrativo porte\u00f1a nos dio la raz\u00f3n: rechaz\u00f3 la apelaci\u00f3n de Mauricio Macri y ratific\u00f3 la cautelar que mantiene la tarifa a 2,50 pesos. Es una derrota para \u00e9l y para Metrov\u00edas, que no justifican nada porque s\u00f3lo entienden al servicio p\u00fablico como negocio privado.&quot;<br \/>\nBodart agreg\u00f3: &quot;Esta marcha conjunta de familiares de Once, usuarios, ferroviarios y sectores pol\u00edticos plantea la \u00fanica soluci\u00f3n real al desastre de los trenes: la reestatizaci\u00f3n con control social. Es lo mismo que vengo proponiendo para el subte, para tener un servicio eficiente, seguro y econ\u00f3mico.&quot;<\/p>\n","protected":false},"excerpt":{"rendered":"<p>\u00a0 El legislador Alejandro Bodart (MST-Nueva Izquierda) -cuyo amparo fren\u00f3 el tarifazo del subte- inform\u00f3: &quot;En un fallo que se conoci\u00f3 hoy, la Sala II de la C\u00e1mara en lo Contencioso Administrativo porte\u00f1a nos dio la raz\u00f3n: rechaz\u00f3 la apelaci\u00f3n de Mauricio Macri y ratific\u00f3 la cautelar que mantiene la tarifa a 2,50 pesos. Es [&hellip;]<\/p>\n","protected":false},"author":2,"featured_media":15727,"comment_status":"open","ping_status":"open","sticky":false,"template":"","format":"standard","meta":{"_et_pb_use_builder":"","_et_pb_old_content":"","_et_gb_content_width":"","footnotes":""},"categories":[11,33],"tags":[],"class_list":["post-16179","post","type-post","status-publish","format-standard","has-post-thumbnail","hentry","category-ciudad","category-sociedad-y-cultura-2"],"_links":{"self":[{"href":"https:\/\/vocesdebaires.com.ar\/index.php\/wp-json\/wp\/v2\/posts\/16179"}],"collection":[{"href":"https:\/\/vocesdebaires.com.ar\/index.php\/wp-json\/wp\/v2\/posts"}],"about":[{"href":"https:\/\/vocesdebaires.com.ar\/index.php\/wp-json\/wp\/v2\/types\/post"}],"author":[{"embeddable":true,"href":"https:\/\/vocesdebaires.com.ar\/index.php\/wp-json\/wp\/v2\/users\/2"}],"replies":[{"embeddable":true,"href":"https:\/\/vocesdebaires.com.ar\/index.php\/wp-json\/wp\/v2\/comments?post=16179"}],"version-history":[{"count":0,"href":"https:\/\/vocesdebaires.com.ar\/index.php\/wp-json\/wp\/v2\/posts\/16179\/revisions"}],"wp:featuredmedia":[{"embeddable":true,"href":"https:\/\/vocesdebaires.com.ar\/index.php\/wp-json\/wp\/v2\/media\/15727"}],"wp:attachment":[{"href":"https:\/\/vocesdebaires.com.ar\/index.php\/wp-json\/wp\/v2\/media?parent=16179"}],"wp:term":[{"taxonomy":"category","embeddable":true,"href":"https:\/\/vocesdebaires.com.ar\/index.php\/wp-json\/wp\/v2\/categories?post=16179"},{"taxonomy":"post_tag","embeddable":true,"href":"https:\/\/vocesdebaires.com.ar\/index.php\/wp-json\/wp\/v2\/tags?post=16179"}],"curies":[{"name":"wp","href":"https:\/\/api.w.org\/{rel}","templated":true}]}}