{"id":1633,"date":"2020-07-24T03:00:00","date_gmt":"2020-07-24T06:00:00","guid":{"rendered":"http:\/\/vocesdebaires.com.ar\/wordpress\/index.php\/2020\/07\/24\/centros-comerciales-barriales-peatonales\/"},"modified":"2020-07-24T03:00:00","modified_gmt":"2020-07-24T06:00:00","slug":"centros-comerciales-barriales-peatonales","status":"publish","type":"post","link":"https:\/\/vocesdebaires.com.ar\/index.php\/2020\/07\/24\/centros-comerciales-barriales-peatonales\/","title":{"rendered":"Centros Comerciales Barriales &#8211; Peatonales"},"content":{"rendered":"<p>Se formalizan centros comerciales en la v\u00eda p\u00fablica mediante el cierre de calles algunos centros comerciales barriales emblem\u00e1ticos y con gran afluencia peatonal. De 8 a 20 horas Mercado Juramento: av. Juramento, entre av. Cabildo y Moldes, sin afectar bocacalles extremas. Villa del Parque (5 cuadras): Cuenca, entre Ricardo Gutierrez y Nogoy\u00e1. Nogoy\u00e1, entre Campana y Helguera. Liniers: Jos\u00e9 Le\u00f3n Su\u00e1rez, entre Rivadavia e Ibarrola, sin afectar bocacalles extremas. Ram\u00f3n Falc\u00f3n, entre General Paz y Montiel, sin afectar bocacalles extremas.<\/p>\n<p>Casco Hist\u00f3rico: Defensa, entre av. Independencia y av. San Juan, sin afectar bocacalles extremas. Bol\u00edvar, entre av. Independencia y av. San Juan, sin afectar bocacalles extremas. Dr. J.M. Giuffra, entre Defensa y Balcarce, sin afectar esta \u00faltima. Estados Unidos, entre Per\u00fa y Balcarce, sin afectar bocacalles extremas. Carlos Calvo, entre Per\u00fa y Balcarce, sin afectar bocacalles extremas. Humberto 1\u00b0, entre Per\u00fa y Balcarce. Don Anselmo Aieta, entre Defensa y Humberto 1\u00b0, afectando ambas bocacalles. Bethlem, entre Defensa y Humberto 1\u00b0, afectando ambas bocacalles.<\/p>\n<p>De 8 a 20 horas (s\u00f3lo s\u00e1bados, domingos y feriados)<br \/>Chilavert: Chilavert, entre Piedra Buena y Ca\u00f1ada de G\u00f3mez. Barrio Chino: Arribe\u00f1os, entre Juramento y Olaz\u00e1bal (s\u00f3lo fines de semana). De 8 a 15 horas Caballito\/ Primera Junta: Rojas, entre av. Rivadavia y Yerbal, sin afectar bocacalles. Total de cuadras peatonales: 52<\/p>\n","protected":false},"excerpt":{"rendered":"<p>Se formalizan centros comerciales en la v\u00eda p\u00fablica mediante el cierre de calles algunos centros comerciales barriales emblem\u00e1ticos y con gran afluencia peatonal. De 8 a 20 horas Mercado Juramento: av. Juramento, entre av. Cabildo y Moldes, sin afectar bocacalles extremas. Villa del Parque (5 cuadras): Cuenca, entre Ricardo Gutierrez y Nogoy\u00e1. Nogoy\u00e1, entre Campana [&hellip;]<\/p>\n","protected":false},"author":1,"featured_media":1634,"comment_status":"open","ping_status":"open","sticky":false,"template":"","format":"standard","meta":{"_et_pb_use_builder":"","_et_pb_old_content":"","_et_gb_content_width":"","footnotes":""},"categories":[11,32],"tags":[],"class_list":["post-1633","post","type-post","status-publish","format-standard","has-post-thumbnail","hentry","category-ciudad","category-comunas"],"_links":{"self":[{"href":"https:\/\/vocesdebaires.com.ar\/index.php\/wp-json\/wp\/v2\/posts\/1633"}],"collection":[{"href":"https:\/\/vocesdebaires.com.ar\/index.php\/wp-json\/wp\/v2\/posts"}],"about":[{"href":"https:\/\/vocesdebaires.com.ar\/index.php\/wp-json\/wp\/v2\/types\/post"}],"author":[{"embeddable":true,"href":"https:\/\/vocesdebaires.com.ar\/index.php\/wp-json\/wp\/v2\/users\/1"}],"replies":[{"embeddable":true,"href":"https:\/\/vocesdebaires.com.ar\/index.php\/wp-json\/wp\/v2\/comments?post=1633"}],"version-history":[{"count":0,"href":"https:\/\/vocesdebaires.com.ar\/index.php\/wp-json\/wp\/v2\/posts\/1633\/revisions"}],"wp:featuredmedia":[{"embeddable":true,"href":"https:\/\/vocesdebaires.com.ar\/index.php\/wp-json\/wp\/v2\/media\/1634"}],"wp:attachment":[{"href":"https:\/\/vocesdebaires.com.ar\/index.php\/wp-json\/wp\/v2\/media?parent=1633"}],"wp:term":[{"taxonomy":"category","embeddable":true,"href":"https:\/\/vocesdebaires.com.ar\/index.php\/wp-json\/wp\/v2\/categories?post=1633"},{"taxonomy":"post_tag","embeddable":true,"href":"https:\/\/vocesdebaires.com.ar\/index.php\/wp-json\/wp\/v2\/tags?post=1633"}],"curies":[{"name":"wp","href":"https:\/\/api.w.org\/{rel}","templated":true}]}}