{"id":1635,"date":"2020-07-24T03:00:00","date_gmt":"2020-07-24T06:00:00","guid":{"rendered":"http:\/\/vocesdebaires.com.ar\/wordpress\/index.php\/2020\/07\/24\/ferias-de-la-ciudad-distanciamiento-social\/"},"modified":"2020-07-24T03:00:00","modified_gmt":"2020-07-24T06:00:00","slug":"ferias-de-la-ciudad-distanciamiento-social","status":"publish","type":"post","link":"https:\/\/vocesdebaires.com.ar\/index.php\/2020\/07\/24\/ferias-de-la-ciudad-distanciamiento-social\/","title":{"rendered":"Ferias de la Ciudad distanciamiento social"},"content":{"rendered":"<p>FIAB 23 Puerto Madero: Emma de la Barra 400, entre Av. de los Italianos y Juana Manso, Avenida de los Italianos 100 \u2013 entre Margarita S\u00e1nchez de Thompson y Emma de la Barra-, Plazoleta Forner. Comuna 1. Horario de 8 a 14 h.<br \/>FIAB 5 Caballito: Alte. F. J. Segu\u00ed 900 &#8211; entre Av. Gaona y Neuqu\u00e9n &#8211; Plaza Irlanda. Comuna 6. Horario de 8 a 14 h.<br \/>FIAB 8 Saavedra: Plaza 4200 &#8211; entre Ru\u00edz Huidobro y Besares. Comuna 12. Horario de 8 a 14 h.<br \/>FIAB 2 Colegiales: Conde 200 &#8211; entre Santos Dumont y Concepci\u00f3n Arenal &#8211; Plaza Mafalda. Comuna 13. Horario de 8 a 14 h.<br \/>FIAB 13 Palermo: Rep\u00fablica Dominicana &#8211; entre Salguero y Vidt. Comuna 14. Horario de 8 a 14 h.<br \/>FIAB 28 Retiro: Marcelo T. de Alvear &#8211; entre Cerrito y Libertad. Comuna 1. Horario de 8 a 14 h.<br \/>FIAB 1 Parque Patricios: Corrales Viejos &#8211; entre Av. Caseros y Patagones. Comuna 4. Horario de 8 a 14 h.<br \/>FIAB 18 Parque Chas: Londres 4300 &#8211; Plaza \u00c9xodo Juje\u00f1o. Comuna 15. Horario de 8 a 14 h.<br \/>FIAB 19 Balvanera: M\u00e9xico 2600 &#8211; entre Jujuy y Saavedra. Comuna 3. Horario de 8 a 14 h.<br \/>FIAB 24 Balvanera: La Rioja 100 &#8211; entre Hip\u00f3lito Yrigoyen y Av. Rivadavia. Comuna 3. Horario de 8 a 14 h.<br \/>FIAB 9 Belgrano: Mendoza al 700 y Ramsay. Comuna 13. Horario de 8 a 14 h.<br \/>FIAB 20 Almagro: Yatay al 800 &#8211; entre Humahuaca y Av. Corrientes. Comuna 5. Horario de 8 a 14 h.<br \/>FIAB 29 Balvanera: Gallo 600 -entre Guardia Vieja y Lavalle. Comuna 3. Horario de 8 a 14 h.<br \/>FIAB 25 N\u00fa\u00f1ez: Manzanares 2300 &#8211; entre Av. Cabildo y Vuelta de Obligado-, Plaza Balcarce. Comuna 13. Horario de 8 a 14 h.<br \/>FIAB 15 Constituci\u00f3n: Pres. Luis S\u00e1enz Pe\u00f1a 1500 &#8211; entre Pav\u00f3n y Juan de Garay &#8211; Plaza Garay -. Comuna 1. Horario de 8 a 14 h.<\/p>\n<p>Cuerpo de inspectores: 8 agentes de ferias, 7 voluntarios.<\/p>\n<p>Cantidad de Ferias: 15<br \/>Cantidad de asistentes total: 2200.<br \/>Cantidad de puestos en total: 84<br \/>Cantidad de precios concertados: 61 productos.<br \/>Comunas alcanzadas: 9<br \/>Barrios alcanzados: 13<br \/>15% de ahorro aproximado en relaci\u00f3n con otros establecimientos de compras. <a><\/a><\/p>\n","protected":false},"excerpt":{"rendered":"<p>FIAB 23 Puerto Madero: Emma de la Barra 400, entre Av. de los Italianos y Juana Manso, Avenida de los Italianos 100 \u2013 entre Margarita S\u00e1nchez de Thompson y Emma de la Barra-, Plazoleta Forner. Comuna 1. Horario de 8 a 14 h.FIAB 5 Caballito: Alte. F. J. Segu\u00ed 900 &#8211; entre Av. Gaona y [&hellip;]<\/p>\n","protected":false},"author":1,"featured_media":1636,"comment_status":"open","ping_status":"open","sticky":false,"template":"","format":"standard","meta":{"_et_pb_use_builder":"","_et_pb_old_content":"","_et_gb_content_width":"","footnotes":""},"categories":[11,32],"tags":[],"class_list":["post-1635","post","type-post","status-publish","format-standard","has-post-thumbnail","hentry","category-ciudad","category-comunas"],"_links":{"self":[{"href":"https:\/\/vocesdebaires.com.ar\/index.php\/wp-json\/wp\/v2\/posts\/1635"}],"collection":[{"href":"https:\/\/vocesdebaires.com.ar\/index.php\/wp-json\/wp\/v2\/posts"}],"about":[{"href":"https:\/\/vocesdebaires.com.ar\/index.php\/wp-json\/wp\/v2\/types\/post"}],"author":[{"embeddable":true,"href":"https:\/\/vocesdebaires.com.ar\/index.php\/wp-json\/wp\/v2\/users\/1"}],"replies":[{"embeddable":true,"href":"https:\/\/vocesdebaires.com.ar\/index.php\/wp-json\/wp\/v2\/comments?post=1635"}],"version-history":[{"count":0,"href":"https:\/\/vocesdebaires.com.ar\/index.php\/wp-json\/wp\/v2\/posts\/1635\/revisions"}],"wp:featuredmedia":[{"embeddable":true,"href":"https:\/\/vocesdebaires.com.ar\/index.php\/wp-json\/wp\/v2\/media\/1636"}],"wp:attachment":[{"href":"https:\/\/vocesdebaires.com.ar\/index.php\/wp-json\/wp\/v2\/media?parent=1635"}],"wp:term":[{"taxonomy":"category","embeddable":true,"href":"https:\/\/vocesdebaires.com.ar\/index.php\/wp-json\/wp\/v2\/categories?post=1635"},{"taxonomy":"post_tag","embeddable":true,"href":"https:\/\/vocesdebaires.com.ar\/index.php\/wp-json\/wp\/v2\/tags?post=1635"}],"curies":[{"name":"wp","href":"https:\/\/api.w.org\/{rel}","templated":true}]}}