{"id":16379,"date":"2013-12-10T12:28:42","date_gmt":"2013-12-10T15:28:42","guid":{"rendered":"http:\/\/vocesdebaires.com.ar\/wordpress\/index.php\/2013\/12\/10\/macri-con-clinton-en-una-cumbre-en-brasil\/"},"modified":"2013-12-10T12:28:42","modified_gmt":"2013-12-10T15:28:42","slug":"macri-con-clinton-en-una-cumbre-en-brasil","status":"publish","type":"post","link":"https:\/\/vocesdebaires.com.ar\/index.php\/2013\/12\/10\/macri-con-clinton-en-una-cumbre-en-brasil\/","title":{"rendered":"Macri, con Clinton en una cumbre en Brasil"},"content":{"rendered":"<p>\u00a0<br \/>\n El jefe de Gobierno de la Ciudad de Buenos Aires, Mauricio Macri, particip\u00f3 de la primera reuni\u00f3n regional organizada en Am\u00e9rica latina por la Clinton Global Initiative, la fundaci\u00f3n creada por el ex presidente de Estados Unidos, Bill Clinton, para promover e implementar soluciones innovadoras frente a los desaf\u00edos m\u00e1s apremiantes del mundo. Macri fue recibido por Clinton en su calidad de anfitri\u00f3n del evento, cuya agenda de trabajo estuvo orientada a analizar iniciativas para el progreso social y econ\u00f3mico de Am\u00e9rica latina a partir de la capacitaci\u00f3n de recursos humanos, la innovaci\u00f3n tecnol\u00f3gica y la planificaci\u00f3n para el crecimiento verde. Durante el plenario, realizado en el hotel Copacabana Palace, se analizaron los desaf\u00edos que enfrentan los grandes centros urbanos de Am\u00e9rica latina para lograr que el continuo crecimiento econ\u00f3mico sea equitativo e inclusivo, as\u00ed como la necesidad de planificar el futuro y el desarrollo de infraestructura con pol\u00edticas que privilegien el cuidado ambiental y que mitiguen los efectos del Cambio Clim\u00e1tico.<br \/>\nLa reuni\u00f3n cont\u00f3 tambi\u00e9n con la presencia de \u00a0los alcaldes de R\u00edo de Janeiro, Eduardo Paes; de Curitiba, Gustavo Fruet; de Medell\u00edn, An\u00edbal Gavir\u00eda Correa, y de Lima, Susana Villar\u00e1n de la Puente, y \u00a0del ex presidente de Costa Rica, Jos\u00e9 Mar\u00eda Figueres, entre otros. Macri estuvo acompa\u00f1ado por el secretario \u00a0de Medios, Miguel \u00a0De Godoy y por el subsecretario de Relaciones Internacionales, Fulvio Pompeo. El temario tratado incluy\u00f3 \u201cEl dise\u00f1o de oportunidades para el crecimiento\u201d, \u201cCiudades latinoamericanas: revitalizaci\u00f3n y transformaci\u00f3n econ\u00f3mica\u201d, \u201cUrbanizaci\u00f3n acelerada: creando un futuro m\u00e1s equitativo\u201d e \u201cInversi\u00f3n en infraestructura para un futuro sostenible\u201d.<br \/>\nLa metodolog\u00eda de trabajo de la Clinton Global Initiative apunta a compartir experiencias y conocimientos con la idea de que luego se traduzcan en \u00a0\u201cCompromisos de acci\u00f3n\u201d para hacer frente a un importante reto mundial con soluciones espec\u00edficas y medibles y estrategias que en muchos casos est\u00e1n apoyadas en grandes alianzas intersectoriales. \u00a0 Macri tambi\u00e9n mantuvo una audiencia privada con el alcalde de R\u00edo, \u00a0Eduardo Paes, quien a partir de febrero pr\u00f3ximo suceder\u00e1 al neoyorquino Michael Bloomberg al frente del C40, la coalici\u00f3n integrada por 63 ciudades- entre ellas Buenos Aires- comprometidas con el Cambio Clim\u00e1tico. En julio pasado las \u00a0ciudades de Am\u00e9rica latina eligieron a Buenos Aires como su \u00fanico representante en el comit\u00e9 directivo del C-40, que tambi\u00e9n est\u00e1 compuesto por Berl\u00edn, Hong Kong, Johannesburgo, Tokio y Nueva York, entre otras ciudades.<\/p>\n","protected":false},"excerpt":{"rendered":"<p>\u00a0 El jefe de Gobierno de la Ciudad de Buenos Aires, Mauricio Macri, particip\u00f3 de la primera reuni\u00f3n regional organizada en Am\u00e9rica latina por la Clinton Global Initiative, la fundaci\u00f3n creada por el ex presidente de Estados Unidos, Bill Clinton, para promover e implementar soluciones innovadoras frente a los desaf\u00edos m\u00e1s apremiantes del mundo. Macri [&hellip;]<\/p>\n","protected":false},"author":2,"featured_media":16380,"comment_status":"open","ping_status":"open","sticky":false,"template":"","format":"standard","meta":{"_et_pb_use_builder":"","_et_pb_old_content":"","_et_gb_content_width":"","footnotes":""},"categories":[11,44],"tags":[],"class_list":["post-16379","post","type-post","status-publish","format-standard","has-post-thumbnail","hentry","category-ciudad","category-funcionarios-de-la-caba"],"_links":{"self":[{"href":"https:\/\/vocesdebaires.com.ar\/index.php\/wp-json\/wp\/v2\/posts\/16379"}],"collection":[{"href":"https:\/\/vocesdebaires.com.ar\/index.php\/wp-json\/wp\/v2\/posts"}],"about":[{"href":"https:\/\/vocesdebaires.com.ar\/index.php\/wp-json\/wp\/v2\/types\/post"}],"author":[{"embeddable":true,"href":"https:\/\/vocesdebaires.com.ar\/index.php\/wp-json\/wp\/v2\/users\/2"}],"replies":[{"embeddable":true,"href":"https:\/\/vocesdebaires.com.ar\/index.php\/wp-json\/wp\/v2\/comments?post=16379"}],"version-history":[{"count":0,"href":"https:\/\/vocesdebaires.com.ar\/index.php\/wp-json\/wp\/v2\/posts\/16379\/revisions"}],"wp:featuredmedia":[{"embeddable":true,"href":"https:\/\/vocesdebaires.com.ar\/index.php\/wp-json\/wp\/v2\/media\/16380"}],"wp:attachment":[{"href":"https:\/\/vocesdebaires.com.ar\/index.php\/wp-json\/wp\/v2\/media?parent=16379"}],"wp:term":[{"taxonomy":"category","embeddable":true,"href":"https:\/\/vocesdebaires.com.ar\/index.php\/wp-json\/wp\/v2\/categories?post=16379"},{"taxonomy":"post_tag","embeddable":true,"href":"https:\/\/vocesdebaires.com.ar\/index.php\/wp-json\/wp\/v2\/tags?post=16379"}],"curies":[{"name":"wp","href":"https:\/\/api.w.org\/{rel}","templated":true}]}}