{"id":16394,"date":"2013-12-11T13:38:45","date_gmt":"2013-12-11T16:38:45","guid":{"rendered":"http:\/\/vocesdebaires.com.ar\/wordpress\/index.php\/2013\/12\/11\/ritondo-no-quiero-volver-a-vivir-un-2001\/"},"modified":"2013-12-11T13:38:45","modified_gmt":"2013-12-11T16:38:45","slug":"ritondo-no-quiero-volver-a-vivir-un-2001","status":"publish","type":"post","link":"https:\/\/vocesdebaires.com.ar\/index.php\/2013\/12\/11\/ritondo-no-quiero-volver-a-vivir-un-2001\/","title":{"rendered":"Ritondo: &quot;No quiero volver a vivir un 2001&quot;"},"content":{"rendered":"<p>\u00a0<br \/>\n El vicepresidente 1\u00b0 de la Legislatura de la ciudad de Buenos Aires, Cristian Ritondo, se refiri\u00f3 as\u00ed a la ola de saqueos que se est\u00e1 desatando en varios distritos del pa\u00eds, al encabezar, esta tarde, la inauguraci\u00f3n de la Galer\u00eda de la Democracia en el hemiciclo de la planta principal del Palacio legislativo y el descubrimiento de una placa conmemorativa, en el marco de los 30 a\u00f1os de Democracia. Ritondo manifest\u00f3 su &quot;alegr\u00eda por los 30 a\u00f1os de democracia ininterrumpida&quot;, aunque expres\u00f3 su &quot;tristeza por todo lo que est\u00e1 pasando en el pa\u00eds con las polic\u00edas provinciales y los saqueos&quot;.<br \/>\n &quot;No quiero volver a vivir un 2001. Que haya muertos es un gran retroceso para la Argentina y, cuando se pone en peligro el proceso democr\u00e1tico, es el Estado el que debe encontrar la soluci\u00f3n y garantizar la tranquilidad para salir de este trance y terminar el a\u00f1o de la mejor forma posible&quot;, sostuvo el vicepresidente 1\u00b0 de la Legislatura. Por otro lado, Ritondo explic\u00f3 que &quot;esta Legislatura decidi\u00f3 \u00a0tener aqu\u00ed un lugar espec\u00edfico que le hiciera honor a la democracia, donde los visitantes puedan conocer qui\u00e9nes han sido los representantes desde que esta Casa fuera Concejo Deliberante hasta hoy. As\u00ed, llegamos hoy a inaugurar esta &#8216;Galer\u00eda de la Democracia&#8217;, que seguir\u00e1 creciendo como espacio que reivindica la historia de este Palacio&quot;. Por \u00faltimo, el acto cont\u00f3 con la participaci\u00f3n de autoridades de la casa entre los que se destacaron el Secretario Parlamentario, Carlos P\u00e9rez, y el Secretario Administrativo, Marcelo Sosa, quienes junto a Ritondo descubrieron una placa que reza &quot;Homenaje de los representantes del Pueblo de la Ciudad Aut\u00f3noma de Buenos Aires al conmemorarse el trig\u00e9simo aniversario de la recuperaci\u00f3n de la Democracia. 1983 &#8211; 10 de diciembre &#8211; 2013&quot;.<\/p>\n","protected":false},"excerpt":{"rendered":"<p>\u00a0 El vicepresidente 1\u00b0 de la Legislatura de la ciudad de Buenos Aires, Cristian Ritondo, se refiri\u00f3 as\u00ed a la ola de saqueos que se est\u00e1 desatando en varios distritos del pa\u00eds, al encabezar, esta tarde, la inauguraci\u00f3n de la Galer\u00eda de la Democracia en el hemiciclo de la planta principal del Palacio legislativo y [&hellip;]<\/p>\n","protected":false},"author":2,"featured_media":16395,"comment_status":"open","ping_status":"open","sticky":false,"template":"","format":"standard","meta":{"_et_pb_use_builder":"","_et_pb_old_content":"","_et_gb_content_width":"","footnotes":""},"categories":[11,44],"tags":[],"class_list":["post-16394","post","type-post","status-publish","format-standard","has-post-thumbnail","hentry","category-ciudad","category-funcionarios-de-la-caba"],"_links":{"self":[{"href":"https:\/\/vocesdebaires.com.ar\/index.php\/wp-json\/wp\/v2\/posts\/16394"}],"collection":[{"href":"https:\/\/vocesdebaires.com.ar\/index.php\/wp-json\/wp\/v2\/posts"}],"about":[{"href":"https:\/\/vocesdebaires.com.ar\/index.php\/wp-json\/wp\/v2\/types\/post"}],"author":[{"embeddable":true,"href":"https:\/\/vocesdebaires.com.ar\/index.php\/wp-json\/wp\/v2\/users\/2"}],"replies":[{"embeddable":true,"href":"https:\/\/vocesdebaires.com.ar\/index.php\/wp-json\/wp\/v2\/comments?post=16394"}],"version-history":[{"count":0,"href":"https:\/\/vocesdebaires.com.ar\/index.php\/wp-json\/wp\/v2\/posts\/16394\/revisions"}],"wp:featuredmedia":[{"embeddable":true,"href":"https:\/\/vocesdebaires.com.ar\/index.php\/wp-json\/wp\/v2\/media\/16395"}],"wp:attachment":[{"href":"https:\/\/vocesdebaires.com.ar\/index.php\/wp-json\/wp\/v2\/media?parent=16394"}],"wp:term":[{"taxonomy":"category","embeddable":true,"href":"https:\/\/vocesdebaires.com.ar\/index.php\/wp-json\/wp\/v2\/categories?post=16394"},{"taxonomy":"post_tag","embeddable":true,"href":"https:\/\/vocesdebaires.com.ar\/index.php\/wp-json\/wp\/v2\/tags?post=16394"}],"curies":[{"name":"wp","href":"https:\/\/api.w.org\/{rel}","templated":true}]}}