{"id":16432,"date":"2013-12-13T15:18:13","date_gmt":"2013-12-13T18:18:13","guid":{"rendered":"http:\/\/vocesdebaires.com.ar\/wordpress\/index.php\/2013\/12\/13\/macri-agradecio-a-los-constructores\/"},"modified":"2013-12-13T15:18:13","modified_gmt":"2013-12-13T18:18:13","slug":"macri-agradecio-a-los-constructores","status":"publish","type":"post","link":"https:\/\/vocesdebaires.com.ar\/index.php\/2013\/12\/13\/macri-agradecio-a-los-constructores\/","title":{"rendered":"Macri agradeci\u00f3 a los constructores"},"content":{"rendered":"<p>\u00a0<br \/>\n  El jefe de Gobierno porte\u00f1o, Mauricio Macri, agradeci\u00f3 hoy a los miembros de la C\u00e1mara Argentina de la Construcci\u00f3n por \u201ctodas las obras que han ayudado a transformar la Ciudad de Buenos Aires\u201d, durante un encuentro realizado en la sede de la entidad con motivo del brindis de Fin de A\u00f1o. \u201cSin el talento y capacidad de nuestros ingenieros, empresas y empleados de la construcci\u00f3n hubiese sido imposible lograrlo\u201d, sostuvo Macri quien concurri\u00f3 acompa\u00f1ado de los ministros de Desarrollo Urbano, Daniel Chain, y de Hacienda, N\u00e9stor Grindetti.<br \/>\nMacri advirti\u00f3 que en esa relaci\u00f3n \u201cexiste un factor enorme de perturbaci\u00f3n que es la inflaci\u00f3n\u201d, pero afirm\u00f3 que desde el Gobierno de la Ciudad \u201cseguiremos buscando mecanismos para que los trabajos no se vean perjudicados\u201d por ese componente. Dijo que el 68 por ciento de los vecinos de la Ciudad aprobaron la gesti\u00f3n en siete u ocho \u00e1reas del Gobierno porte\u00f1o y que ese porcentaje trep\u00f3 al 73 cuando los consultados fueron habitantes del conurbano bonaerense. \u201cEso marca que la gente siente que ha habido un cambio en la Ciudad y que ese cambio es producto de inversiones, que generan oportunidades y productividad\u201d, a\u00f1adi\u00f3.<\/p>\n","protected":false},"excerpt":{"rendered":"<p>\u00a0 El jefe de Gobierno porte\u00f1o, Mauricio Macri, agradeci\u00f3 hoy a los miembros de la C\u00e1mara Argentina de la Construcci\u00f3n por \u201ctodas las obras que han ayudado a transformar la Ciudad de Buenos Aires\u201d, durante un encuentro realizado en la sede de la entidad con motivo del brindis de Fin de A\u00f1o. \u201cSin el talento [&hellip;]<\/p>\n","protected":false},"author":2,"featured_media":15701,"comment_status":"open","ping_status":"open","sticky":false,"template":"","format":"standard","meta":{"_et_pb_use_builder":"","_et_pb_old_content":"","_et_gb_content_width":"","footnotes":""},"categories":[11,44],"tags":[],"class_list":["post-16432","post","type-post","status-publish","format-standard","has-post-thumbnail","hentry","category-ciudad","category-funcionarios-de-la-caba"],"_links":{"self":[{"href":"https:\/\/vocesdebaires.com.ar\/index.php\/wp-json\/wp\/v2\/posts\/16432"}],"collection":[{"href":"https:\/\/vocesdebaires.com.ar\/index.php\/wp-json\/wp\/v2\/posts"}],"about":[{"href":"https:\/\/vocesdebaires.com.ar\/index.php\/wp-json\/wp\/v2\/types\/post"}],"author":[{"embeddable":true,"href":"https:\/\/vocesdebaires.com.ar\/index.php\/wp-json\/wp\/v2\/users\/2"}],"replies":[{"embeddable":true,"href":"https:\/\/vocesdebaires.com.ar\/index.php\/wp-json\/wp\/v2\/comments?post=16432"}],"version-history":[{"count":0,"href":"https:\/\/vocesdebaires.com.ar\/index.php\/wp-json\/wp\/v2\/posts\/16432\/revisions"}],"wp:featuredmedia":[{"embeddable":true,"href":"https:\/\/vocesdebaires.com.ar\/index.php\/wp-json\/wp\/v2\/media\/15701"}],"wp:attachment":[{"href":"https:\/\/vocesdebaires.com.ar\/index.php\/wp-json\/wp\/v2\/media?parent=16432"}],"wp:term":[{"taxonomy":"category","embeddable":true,"href":"https:\/\/vocesdebaires.com.ar\/index.php\/wp-json\/wp\/v2\/categories?post=16432"},{"taxonomy":"post_tag","embeddable":true,"href":"https:\/\/vocesdebaires.com.ar\/index.php\/wp-json\/wp\/v2\/tags?post=16432"}],"curies":[{"name":"wp","href":"https:\/\/api.w.org\/{rel}","templated":true}]}}