{"id":16472,"date":"2013-12-16T21:24:23","date_gmt":"2013-12-17T00:24:23","guid":{"rendered":"http:\/\/vocesdebaires.com.ar\/wordpress\/index.php\/2013\/12\/16\/agasajo-a-periodistas-en-la-legislatura-portena\/"},"modified":"2013-12-16T21:24:23","modified_gmt":"2013-12-17T00:24:23","slug":"agasajo-a-periodistas-en-la-legislatura-portena","status":"publish","type":"post","link":"https:\/\/vocesdebaires.com.ar\/index.php\/2013\/12\/16\/agasajo-a-periodistas-en-la-legislatura-portena\/","title":{"rendered":"Agasajo a periodistas en la Legislatura porte\u00f1a"},"content":{"rendered":"<p>\u00a0<br \/>\n Durante el mediod\u00eda del lunes 16 de diciembre se desarroll\u00f3 en el Sal\u00f3n Dorado Hip\u00f3lito Yrigoyen del Palacio legislativo el brindis de fin de a\u00f1o con los periodistas que cubren la labor del parlamento de la Ciudad. Asistieron las autoridades de la casa, entre los que se destacan los Vicepresidentes Cristian Ritondo y Dante Gullo y legisladores de todos los bloques.<br \/>\n &quot;Bindar con los periodistas de la Casa y los que nos acompa\u00f1an todo el a\u00f1o legislativo es un momento de agradecimiento, de reconocimiento hacia la tarea que ejercen todos los d\u00edas, incansablemente&quot;, afirm\u00f3 Ritondo. Y continu\u00f3: &quot;La tarea de transmitir la informaci\u00f3n, la interpretaci\u00f3n y la opini\u00f3n sobre el acontecer legislativo y pol\u00edtico merece, cuando es libre y objetiva, el mayor de los respetos&quot;. &quot;Que la libertad siga siendo uno de los valores m\u00e1s preciados de nuestra democracia. En el comptomiso de defenderla estamos todos juntos&quot;, concluy\u00f3 Ritondo.<\/p>\n","protected":false},"excerpt":{"rendered":"<p>\u00a0 Durante el mediod\u00eda del lunes 16 de diciembre se desarroll\u00f3 en el Sal\u00f3n Dorado Hip\u00f3lito Yrigoyen del Palacio legislativo el brindis de fin de a\u00f1o con los periodistas que cubren la labor del parlamento de la Ciudad. Asistieron las autoridades de la casa, entre los que se destacan los Vicepresidentes Cristian Ritondo y Dante [&hellip;]<\/p>\n","protected":false},"author":2,"featured_media":16473,"comment_status":"open","ping_status":"open","sticky":false,"template":"","format":"standard","meta":{"_et_pb_use_builder":"","_et_pb_old_content":"","_et_gb_content_width":"","footnotes":""},"categories":[11,44],"tags":[],"class_list":["post-16472","post","type-post","status-publish","format-standard","has-post-thumbnail","hentry","category-ciudad","category-funcionarios-de-la-caba"],"_links":{"self":[{"href":"https:\/\/vocesdebaires.com.ar\/index.php\/wp-json\/wp\/v2\/posts\/16472"}],"collection":[{"href":"https:\/\/vocesdebaires.com.ar\/index.php\/wp-json\/wp\/v2\/posts"}],"about":[{"href":"https:\/\/vocesdebaires.com.ar\/index.php\/wp-json\/wp\/v2\/types\/post"}],"author":[{"embeddable":true,"href":"https:\/\/vocesdebaires.com.ar\/index.php\/wp-json\/wp\/v2\/users\/2"}],"replies":[{"embeddable":true,"href":"https:\/\/vocesdebaires.com.ar\/index.php\/wp-json\/wp\/v2\/comments?post=16472"}],"version-history":[{"count":0,"href":"https:\/\/vocesdebaires.com.ar\/index.php\/wp-json\/wp\/v2\/posts\/16472\/revisions"}],"wp:featuredmedia":[{"embeddable":true,"href":"https:\/\/vocesdebaires.com.ar\/index.php\/wp-json\/wp\/v2\/media\/16473"}],"wp:attachment":[{"href":"https:\/\/vocesdebaires.com.ar\/index.php\/wp-json\/wp\/v2\/media?parent=16472"}],"wp:term":[{"taxonomy":"category","embeddable":true,"href":"https:\/\/vocesdebaires.com.ar\/index.php\/wp-json\/wp\/v2\/categories?post=16472"},{"taxonomy":"post_tag","embeddable":true,"href":"https:\/\/vocesdebaires.com.ar\/index.php\/wp-json\/wp\/v2\/tags?post=16472"}],"curies":[{"name":"wp","href":"https:\/\/api.w.org\/{rel}","templated":true}]}}