{"id":16474,"date":"2013-12-16T21:43:08","date_gmt":"2013-12-17T00:43:08","guid":{"rendered":"http:\/\/vocesdebaires.com.ar\/wordpress\/index.php\/2013\/12\/16\/bodart-en-la-protesta-por-falta-de-vacantes\/"},"modified":"2013-12-16T21:43:08","modified_gmt":"2013-12-17T00:43:08","slug":"bodart-en-la-protesta-por-falta-de-vacantes","status":"publish","type":"post","link":"https:\/\/vocesdebaires.com.ar\/index.php\/2013\/12\/16\/bodart-en-la-protesta-por-falta-de-vacantes\/","title":{"rendered":"Bodart, en la protesta por falta de vacantes"},"content":{"rendered":"<p>\u00a0<br \/>\n El diputado Alejandro Bodart (MST-Nueva Izquierda), quien hoy acompa\u00f1\u00f3 la protesta ante la jefatura de gobierno porte\u00f1a por la falta de vacantes en escuelas p\u00fablicas, anunci\u00f3: &quot;Junto a otros diputados opositores vamos a convocar a una sesi\u00f3n especial este viernes 20, para que el ministro Esteban Bullrich venga al recinto y d\u00e9 respuesta al grave problema planteado. No puede ser que a pocos d\u00edas de las fiestas tengamos a miles de chicos sin escuela asignada y a miles de padres angustiados.&quot;<br \/>\nBodart agreg\u00f3: &quot;En vez de poner la tecnolog\u00eda al servicio de la educaci\u00f3n p\u00fablica, con la inscripci\u00f3n on line el gobierno macrista intent\u00f3 ocultar la falta de escuelas y empujar a los padres hacia el sector privado. Lo que ha logrado es un efecto boomerang, de mayor defensa de la escuela p\u00fablica.&quot;<\/p>\n","protected":false},"excerpt":{"rendered":"<p>\u00a0 El diputado Alejandro Bodart (MST-Nueva Izquierda), quien hoy acompa\u00f1\u00f3 la protesta ante la jefatura de gobierno porte\u00f1a por la falta de vacantes en escuelas p\u00fablicas, anunci\u00f3: &quot;Junto a otros diputados opositores vamos a convocar a una sesi\u00f3n especial este viernes 20, para que el ministro Esteban Bullrich venga al recinto y d\u00e9 respuesta al [&hellip;]<\/p>\n","protected":false},"author":2,"featured_media":16475,"comment_status":"open","ping_status":"open","sticky":false,"template":"","format":"standard","meta":{"_et_pb_use_builder":"","_et_pb_old_content":"","_et_gb_content_width":"","footnotes":""},"categories":[11,44],"tags":[],"class_list":["post-16474","post","type-post","status-publish","format-standard","has-post-thumbnail","hentry","category-ciudad","category-funcionarios-de-la-caba"],"_links":{"self":[{"href":"https:\/\/vocesdebaires.com.ar\/index.php\/wp-json\/wp\/v2\/posts\/16474"}],"collection":[{"href":"https:\/\/vocesdebaires.com.ar\/index.php\/wp-json\/wp\/v2\/posts"}],"about":[{"href":"https:\/\/vocesdebaires.com.ar\/index.php\/wp-json\/wp\/v2\/types\/post"}],"author":[{"embeddable":true,"href":"https:\/\/vocesdebaires.com.ar\/index.php\/wp-json\/wp\/v2\/users\/2"}],"replies":[{"embeddable":true,"href":"https:\/\/vocesdebaires.com.ar\/index.php\/wp-json\/wp\/v2\/comments?post=16474"}],"version-history":[{"count":0,"href":"https:\/\/vocesdebaires.com.ar\/index.php\/wp-json\/wp\/v2\/posts\/16474\/revisions"}],"wp:featuredmedia":[{"embeddable":true,"href":"https:\/\/vocesdebaires.com.ar\/index.php\/wp-json\/wp\/v2\/media\/16475"}],"wp:attachment":[{"href":"https:\/\/vocesdebaires.com.ar\/index.php\/wp-json\/wp\/v2\/media?parent=16474"}],"wp:term":[{"taxonomy":"category","embeddable":true,"href":"https:\/\/vocesdebaires.com.ar\/index.php\/wp-json\/wp\/v2\/categories?post=16474"},{"taxonomy":"post_tag","embeddable":true,"href":"https:\/\/vocesdebaires.com.ar\/index.php\/wp-json\/wp\/v2\/tags?post=16474"}],"curies":[{"name":"wp","href":"https:\/\/api.w.org\/{rel}","templated":true}]}}