{"id":16493,"date":"2013-12-18T12:38:31","date_gmt":"2013-12-18T15:38:31","guid":{"rendered":"http:\/\/vocesdebaires.com.ar\/wordpress\/index.php\/2013\/12\/18\/la-justicia-ordeno-el-sobreseimiento-de-mauricio-macri\/"},"modified":"2013-12-18T12:38:31","modified_gmt":"2013-12-18T15:38:31","slug":"la-justicia-ordeno-el-sobreseimiento-de-mauricio-macri","status":"publish","type":"post","link":"https:\/\/vocesdebaires.com.ar\/index.php\/2013\/12\/18\/la-justicia-ordeno-el-sobreseimiento-de-mauricio-macri\/","title":{"rendered":"La Justicia orden\u00f3 el sobreseimiento de Mauricio Macri"},"content":{"rendered":"<p>\u00a0<br \/>\n Macri, Mar\u00eda Eugenia Vidal, Horacio Rodr\u00edguez Larreta, Guillermo Montenegro, Daniel Chain, Graciela Reybaud; y el jefe y subjefe de la Metropolitana, Horacio Gim\u00e9nez y Ricardo Pedace, fueron sobrese\u00eddos por la Justicia, que consider\u00f3 que \u201cno existen elementos m\u00ednimos objetivos ciertos concretos y directos que conlleven a atribuirles alg\u00fan tipo de participaci\u00f3n criminal en lo ocurrido en el predio\u201d. La decisi\u00f3n, adoptada por el juez nacional de instrucci\u00f3n en lo criminal, Jorge Adolfo L\u00f3pez, quita a los altos funcionarios porte\u00f1os toda responsabilidad respecto a los violentos hechos que se desataron el a\u00f1o pasado, el operativo cont\u00f3 con m\u00e1s de 200 efectivos que ingresaron de noche al instituto para desalojar a los trabajadores, m\u00e9dicos y pacientes que hab\u00edan realizado una toma pac\u00edfica de las instalaciones del Taller Protegido N\u00ba 19 para evitar su demolici\u00f3n.<br \/>\n Con firma del titular del juzgado nacional de instrucci\u00f3n 30, la disposici\u00f3n tiene 76 p\u00e1ginas, y cierra la primera parte del expediente que naci\u00f3 durante la tarde de ese 26 de abril, con las denuncias de una decena de legisladores, funcionarios, asesores tutelares y defensores de oficio que accionaron contra los ocho funcionarios por los delitos de \u201ctorturas y apremios ilegales\u201d, castigados por el art\u00edculo 144 del C\u00f3digo Penal, presuntamente cometidos contra 32 personas, entre ellos, seis pacientes del neuropsiqui\u00e1trico.<\/p>\n","protected":false},"excerpt":{"rendered":"<p>\u00a0 Macri, Mar\u00eda Eugenia Vidal, Horacio Rodr\u00edguez Larreta, Guillermo Montenegro, Daniel Chain, Graciela Reybaud; y el jefe y subjefe de la Metropolitana, Horacio Gim\u00e9nez y Ricardo Pedace, fueron sobrese\u00eddos por la Justicia, que consider\u00f3 que \u201cno existen elementos m\u00ednimos objetivos ciertos concretos y directos que conlleven a atribuirles alg\u00fan tipo de participaci\u00f3n criminal en lo [&hellip;]<\/p>\n","protected":false},"author":2,"featured_media":16494,"comment_status":"open","ping_status":"open","sticky":false,"template":"","format":"standard","meta":{"_et_pb_use_builder":"","_et_pb_old_content":"","_et_gb_content_width":"","footnotes":""},"categories":[11,44],"tags":[],"class_list":["post-16493","post","type-post","status-publish","format-standard","has-post-thumbnail","hentry","category-ciudad","category-funcionarios-de-la-caba"],"_links":{"self":[{"href":"https:\/\/vocesdebaires.com.ar\/index.php\/wp-json\/wp\/v2\/posts\/16493"}],"collection":[{"href":"https:\/\/vocesdebaires.com.ar\/index.php\/wp-json\/wp\/v2\/posts"}],"about":[{"href":"https:\/\/vocesdebaires.com.ar\/index.php\/wp-json\/wp\/v2\/types\/post"}],"author":[{"embeddable":true,"href":"https:\/\/vocesdebaires.com.ar\/index.php\/wp-json\/wp\/v2\/users\/2"}],"replies":[{"embeddable":true,"href":"https:\/\/vocesdebaires.com.ar\/index.php\/wp-json\/wp\/v2\/comments?post=16493"}],"version-history":[{"count":0,"href":"https:\/\/vocesdebaires.com.ar\/index.php\/wp-json\/wp\/v2\/posts\/16493\/revisions"}],"wp:featuredmedia":[{"embeddable":true,"href":"https:\/\/vocesdebaires.com.ar\/index.php\/wp-json\/wp\/v2\/media\/16494"}],"wp:attachment":[{"href":"https:\/\/vocesdebaires.com.ar\/index.php\/wp-json\/wp\/v2\/media?parent=16493"}],"wp:term":[{"taxonomy":"category","embeddable":true,"href":"https:\/\/vocesdebaires.com.ar\/index.php\/wp-json\/wp\/v2\/categories?post=16493"},{"taxonomy":"post_tag","embeddable":true,"href":"https:\/\/vocesdebaires.com.ar\/index.php\/wp-json\/wp\/v2\/tags?post=16493"}],"curies":[{"name":"wp","href":"https:\/\/api.w.org\/{rel}","templated":true}]}}