{"id":16508,"date":"2013-12-19T14:40:28","date_gmt":"2013-12-19T17:40:28","guid":{"rendered":"http:\/\/vocesdebaires.com.ar\/wordpress\/index.php\/2013\/12\/19\/cierre-del-ano-de-pro-pompeya\/"},"modified":"2013-12-19T14:40:28","modified_gmt":"2013-12-19T17:40:28","slug":"cierre-del-ano-de-pro-pompeya","status":"publish","type":"post","link":"https:\/\/vocesdebaires.com.ar\/index.php\/2013\/12\/19\/cierre-del-ano-de-pro-pompeya\/","title":{"rendered":"Cierre del a\u00f1o de PRO Pompeya"},"content":{"rendered":"<p>\u00a0<br \/>\n  El legislador porte\u00f1o Daniel Lipovetzky comparti\u00f3 con los vecinos el acto de fin de a\u00f1o del PRO en su local de Pompeya ubicado en la calle Mois\u00e9s Lebensohn 969, que sirvi\u00f3 tambi\u00e9n como marco para festejar los 30 a\u00f1os de democracia. Ante m\u00e1s de 300 vecinos, el diputado afirm\u00f3 que \u201cFue un a\u00f1o positivo para el trabajo conjunto que se viene llevando a cabo, no s\u00f3lo como un punto de partida de militancia partidaria, sino tambi\u00e9n como un lugar de encuentro para los vecinos de Pompeya. En estos meses, fuimos viendo como esta iniciativa ayud\u00f3 a que la gente del barrio se conozca y comparta distintas actividades\u201d.<br \/>\n Luego de desear felices fiestas, el ex Secretario de Derechos Humanos concluy\u00f3: \u201cEsta fiesta y el trabajo mancomunado que venimos realizando con los vecinos del barrio tienen fundamentalmente la intenci\u00f3n de promover el esp\u00edritu barrial, porque creemos que los valores ciudadanos y la identidad de los vecinos con el lugar donde viven, son pilares esenciales de la democracia. Si logramos construir entre todos lazos profundos de convivencia y cooperaci\u00f3n, habremos dado un paso muy importante para que el barrio de Pompeya mejore su calidad de vida&quot;.<\/p>\n","protected":false},"excerpt":{"rendered":"<p>\u00a0 El legislador porte\u00f1o Daniel Lipovetzky comparti\u00f3 con los vecinos el acto de fin de a\u00f1o del PRO en su local de Pompeya ubicado en la calle Mois\u00e9s Lebensohn 969, que sirvi\u00f3 tambi\u00e9n como marco para festejar los 30 a\u00f1os de democracia. Ante m\u00e1s de 300 vecinos, el diputado afirm\u00f3 que \u201cFue un a\u00f1o positivo [&hellip;]<\/p>\n","protected":false},"author":2,"featured_media":16509,"comment_status":"open","ping_status":"open","sticky":false,"template":"","format":"standard","meta":{"_et_pb_use_builder":"","_et_pb_old_content":"","_et_gb_content_width":"","footnotes":""},"categories":[11,44],"tags":[],"class_list":["post-16508","post","type-post","status-publish","format-standard","has-post-thumbnail","hentry","category-ciudad","category-funcionarios-de-la-caba"],"_links":{"self":[{"href":"https:\/\/vocesdebaires.com.ar\/index.php\/wp-json\/wp\/v2\/posts\/16508"}],"collection":[{"href":"https:\/\/vocesdebaires.com.ar\/index.php\/wp-json\/wp\/v2\/posts"}],"about":[{"href":"https:\/\/vocesdebaires.com.ar\/index.php\/wp-json\/wp\/v2\/types\/post"}],"author":[{"embeddable":true,"href":"https:\/\/vocesdebaires.com.ar\/index.php\/wp-json\/wp\/v2\/users\/2"}],"replies":[{"embeddable":true,"href":"https:\/\/vocesdebaires.com.ar\/index.php\/wp-json\/wp\/v2\/comments?post=16508"}],"version-history":[{"count":0,"href":"https:\/\/vocesdebaires.com.ar\/index.php\/wp-json\/wp\/v2\/posts\/16508\/revisions"}],"wp:featuredmedia":[{"embeddable":true,"href":"https:\/\/vocesdebaires.com.ar\/index.php\/wp-json\/wp\/v2\/media\/16509"}],"wp:attachment":[{"href":"https:\/\/vocesdebaires.com.ar\/index.php\/wp-json\/wp\/v2\/media?parent=16508"}],"wp:term":[{"taxonomy":"category","embeddable":true,"href":"https:\/\/vocesdebaires.com.ar\/index.php\/wp-json\/wp\/v2\/categories?post=16508"},{"taxonomy":"post_tag","embeddable":true,"href":"https:\/\/vocesdebaires.com.ar\/index.php\/wp-json\/wp\/v2\/tags?post=16508"}],"curies":[{"name":"wp","href":"https:\/\/api.w.org\/{rel}","templated":true}]}}