{"id":16512,"date":"2013-12-19T15:01:19","date_gmt":"2013-12-19T18:01:19","guid":{"rendered":"http:\/\/vocesdebaires.com.ar\/wordpress\/index.php\/2013\/12\/19\/pedido-de-informe-por-irregularidades-en-la-inscripcion-online\/"},"modified":"2013-12-19T15:01:19","modified_gmt":"2013-12-19T18:01:19","slug":"pedido-de-informe-por-irregularidades-en-la-inscripcion-online","status":"publish","type":"post","link":"https:\/\/vocesdebaires.com.ar\/index.php\/2013\/12\/19\/pedido-de-informe-por-irregularidades-en-la-inscripcion-online\/","title":{"rendered":"Pedido de informe por irregularidades en la inscripci\u00f3n online"},"content":{"rendered":"<p>\u00a0<br \/>\n La legisladora por el Frente Para la Victoria, Lorena Pokoik, present\u00f3 hoy un pedido de informes al ejecutivo de la Ciudad por las graves irregularidades en el sistema de inscripci\u00f3n online de las escuelas p\u00fablicas porte\u00f1as que dej\u00f3 a miles de alumnos sin sus vacantes. Al respecto declar\u00f3: \u201clos padres y los chicos de la ciudad necesitan una respuesta antes de las fiestas. Estamos a 18 de diciembre y todav\u00eda tenemos a miles de familias que no saben d\u00f3nde sus hijos van a \u00a0iniciar el ciclo lectivo 2014, es una verg\u00fcenza\u201d.<br \/>\n En el pedido la legisladora solicita al ejecutivo que especifique cu\u00e1ntos ni\u00f1os y adolescentes siguen sin su vacante y que medidas tomar\u00e1 el Ministerio de Educaci\u00f3n de la Ciudad frente a esta problem\u00e1tica. Entre los fundamentos del proyecto Pokoik resalt\u00f3 que \u201cla educaci\u00f3n es un  derecho humano fundamental, esencial para poder ejercitar todos los dem\u00e1s derechos. Garantizar su pleno goce con medidas positivas, resulta ser un compromiso inalienable de todos los poderes del estado\u201d. El proyecto cont\u00f3 con las firmas acompa\u00f1antes de los diputados Gabriela Alegre (FPV), Claudia Neira (FPV), Paula Penacca (FPV), Mar\u00eda Rosa Mui\u00f1os (FPV), Gabriel Fuks (FPV), Pablo Ferreyra (Izquierda Popular), Edgardo Form (Nuevo Encuentro), y Virginia Gonzalez Gass (Partido Socialista Aut\u00e9ntico).<br \/>\n BLOQUE FRENTE PARA LA VICTORIA: GABRIELA ALEGRE &#8211; JORGE ESTEBAN ARAG\u00d3N &#8211; GABRIEL FUKS &#8211; DANTE GULLO &#8211; MARIA ROSA MUI\u00d1OS &#8211; CLAUDIA NEIRA &#8211; PAULA PENACCA &#8211; LORENA POKOIK &#8211; MARIA RACHID &#8211; JORGE TAIANA<br \/>\n\u00a0<br \/>\n\u00a0<\/p>\n","protected":false},"excerpt":{"rendered":"<p>\u00a0 La legisladora por el Frente Para la Victoria, Lorena Pokoik, present\u00f3 hoy un pedido de informes al ejecutivo de la Ciudad por las graves irregularidades en el sistema de inscripci\u00f3n online de las escuelas p\u00fablicas porte\u00f1as que dej\u00f3 a miles de alumnos sin sus vacantes. Al respecto declar\u00f3: \u201clos padres y los chicos de [&hellip;]<\/p>\n","protected":false},"author":2,"featured_media":16513,"comment_status":"open","ping_status":"open","sticky":false,"template":"","format":"standard","meta":{"_et_pb_use_builder":"","_et_pb_old_content":"","_et_gb_content_width":"","footnotes":""},"categories":[11,44],"tags":[],"class_list":["post-16512","post","type-post","status-publish","format-standard","has-post-thumbnail","hentry","category-ciudad","category-funcionarios-de-la-caba"],"_links":{"self":[{"href":"https:\/\/vocesdebaires.com.ar\/index.php\/wp-json\/wp\/v2\/posts\/16512"}],"collection":[{"href":"https:\/\/vocesdebaires.com.ar\/index.php\/wp-json\/wp\/v2\/posts"}],"about":[{"href":"https:\/\/vocesdebaires.com.ar\/index.php\/wp-json\/wp\/v2\/types\/post"}],"author":[{"embeddable":true,"href":"https:\/\/vocesdebaires.com.ar\/index.php\/wp-json\/wp\/v2\/users\/2"}],"replies":[{"embeddable":true,"href":"https:\/\/vocesdebaires.com.ar\/index.php\/wp-json\/wp\/v2\/comments?post=16512"}],"version-history":[{"count":0,"href":"https:\/\/vocesdebaires.com.ar\/index.php\/wp-json\/wp\/v2\/posts\/16512\/revisions"}],"wp:featuredmedia":[{"embeddable":true,"href":"https:\/\/vocesdebaires.com.ar\/index.php\/wp-json\/wp\/v2\/media\/16513"}],"wp:attachment":[{"href":"https:\/\/vocesdebaires.com.ar\/index.php\/wp-json\/wp\/v2\/media?parent=16512"}],"wp:term":[{"taxonomy":"category","embeddable":true,"href":"https:\/\/vocesdebaires.com.ar\/index.php\/wp-json\/wp\/v2\/categories?post=16512"},{"taxonomy":"post_tag","embeddable":true,"href":"https:\/\/vocesdebaires.com.ar\/index.php\/wp-json\/wp\/v2\/tags?post=16512"}],"curies":[{"name":"wp","href":"https:\/\/api.w.org\/{rel}","templated":true}]}}