{"id":16516,"date":"2013-12-19T15:38:55","date_gmt":"2013-12-19T18:38:55","guid":{"rendered":"http:\/\/vocesdebaires.com.ar\/wordpress\/index.php\/2013\/12\/19\/vidal-inauguro-un-nuevo-tomografo-en-el-hospital-udaondo\/"},"modified":"2013-12-19T15:38:55","modified_gmt":"2013-12-19T18:38:55","slug":"vidal-inauguro-un-nuevo-tomografo-en-el-hospital-udaondo","status":"publish","type":"post","link":"https:\/\/vocesdebaires.com.ar\/index.php\/2013\/12\/19\/vidal-inauguro-un-nuevo-tomografo-en-el-hospital-udaondo\/","title":{"rendered":"Vidal inaugur\u00f3 un nuevo tom\u00f3grafo en el Hospital Udaondo"},"content":{"rendered":"<p>\u00a0<br \/>\n La vicejefa de gobierno porte\u00f1o, Mar\u00eda Eugenia Vidal, inaugur\u00f3 esta tarde junto a la ministra de Salud, Graciela Reybaud, un nuevo tom\u00f3grafo y la Plataforma Tecnol\u00f3gica Integrada de Laboratorio en el Hospital de Gastroenterolog\u00eda \u00a0Udaondo, ubicado en el barrio de Barracas. \u201cEste nuevo tom\u00f3grafo permite hacer entre 40 y 50 estudios por d\u00eda y forma parte de los 6 que hemos comprado para los distintos hospitales de la ciudad y que ampl\u00edan la capacidad de respuesta\u201d, se\u00f1al\u00f3 Vidal.<br \/>\n De \u00faltima generaci\u00f3n, el nuevo equipo permite efectuar diagn\u00f3sticos m\u00e1s r\u00e1pidos y precisos, con excelente definici\u00f3n del interior del cuerpo humano. A su vez, guarda los informes en forma digital y permite efectuar intervenciones quir\u00fargicas guiadas por tomograf\u00eda, con certeza y precisi\u00f3n milim\u00e9trica. Este tom\u00f3grafo se sum\u00f3 a los cinco ya inaugurados en los hospitales Argerich, Penna, Santojanni, Torn\u00fa y Mu\u00f1iz, en el marco de la \u00faltima adquisici\u00f3n por parte del Gobierno de la Ciudad de nuevo equipamiento hospitalario, y que abarc\u00f3 700 equipos por un valor superior a los cien millones de pesos.<br \/>\n En cuanto la nueva plataforma de laboratorio, la vicejefa sostuvo que la misma \u201cpermite hacer en menor tiempo aquellos estudios que antes tardaban d\u00edas, lo que significa un diagn\u00f3stico antes de lo previsto para que los m\u00e9dicos puedan trabajar mejor y darle una mejor respuesta a los pacientes\u201d. En el marco de consolidaci\u00f3n de la Red de Laboratorios del GCBA, RedLab, \u00a0la nueva plataforma consiste en la integraci\u00f3n de las \u00e1reas de qu\u00edmica, monitoreo de drogas, hormonas y pruebas serol\u00f3gicas con la plataforma tecnol\u00f3gica integrada de la firma Beckman Coulter. Mediante esta gesti\u00f3n, se permite optimizar los procesos de calidad y el tiempo de respuesta de cada caso particular, resolviendo m\u00e1s del 70% de las pr\u00e1cticas \u00a0demandadas.<br \/>\n\u00a0<br \/>\nfoto: Vidal junto a la ministra de Salud, Graciela Reybaud, y el director del Hospital Udaondo, Gustavo Sosa<\/p>\n","protected":false},"excerpt":{"rendered":"<p>\u00a0 La vicejefa de gobierno porte\u00f1o, Mar\u00eda Eugenia Vidal, inaugur\u00f3 esta tarde junto a la ministra de Salud, Graciela Reybaud, un nuevo tom\u00f3grafo y la Plataforma Tecnol\u00f3gica Integrada de Laboratorio en el Hospital de Gastroenterolog\u00eda \u00a0Udaondo, ubicado en el barrio de Barracas. \u201cEste nuevo tom\u00f3grafo permite hacer entre 40 y 50 estudios por d\u00eda y [&hellip;]<\/p>\n","protected":false},"author":2,"featured_media":16517,"comment_status":"open","ping_status":"open","sticky":false,"template":"","format":"standard","meta":{"_et_pb_use_builder":"","_et_pb_old_content":"","_et_gb_content_width":"","footnotes":""},"categories":[11,44],"tags":[],"class_list":["post-16516","post","type-post","status-publish","format-standard","has-post-thumbnail","hentry","category-ciudad","category-funcionarios-de-la-caba"],"_links":{"self":[{"href":"https:\/\/vocesdebaires.com.ar\/index.php\/wp-json\/wp\/v2\/posts\/16516"}],"collection":[{"href":"https:\/\/vocesdebaires.com.ar\/index.php\/wp-json\/wp\/v2\/posts"}],"about":[{"href":"https:\/\/vocesdebaires.com.ar\/index.php\/wp-json\/wp\/v2\/types\/post"}],"author":[{"embeddable":true,"href":"https:\/\/vocesdebaires.com.ar\/index.php\/wp-json\/wp\/v2\/users\/2"}],"replies":[{"embeddable":true,"href":"https:\/\/vocesdebaires.com.ar\/index.php\/wp-json\/wp\/v2\/comments?post=16516"}],"version-history":[{"count":0,"href":"https:\/\/vocesdebaires.com.ar\/index.php\/wp-json\/wp\/v2\/posts\/16516\/revisions"}],"wp:featuredmedia":[{"embeddable":true,"href":"https:\/\/vocesdebaires.com.ar\/index.php\/wp-json\/wp\/v2\/media\/16517"}],"wp:attachment":[{"href":"https:\/\/vocesdebaires.com.ar\/index.php\/wp-json\/wp\/v2\/media?parent=16516"}],"wp:term":[{"taxonomy":"category","embeddable":true,"href":"https:\/\/vocesdebaires.com.ar\/index.php\/wp-json\/wp\/v2\/categories?post=16516"},{"taxonomy":"post_tag","embeddable":true,"href":"https:\/\/vocesdebaires.com.ar\/index.php\/wp-json\/wp\/v2\/tags?post=16516"}],"curies":[{"name":"wp","href":"https:\/\/api.w.org\/{rel}","templated":true}]}}