{"id":1653,"date":"2020-07-22T03:34:46","date_gmt":"2020-07-22T06:34:46","guid":{"rendered":"http:\/\/vocesdebaires.com.ar\/wordpress\/index.php\/2020\/07\/22\/reabrieron-los-parques-y-plazas-con-medidas\/"},"modified":"2020-07-22T03:34:46","modified_gmt":"2020-07-22T06:34:46","slug":"reabrieron-los-parques-y-plazas-con-medidas","status":"publish","type":"post","link":"https:\/\/vocesdebaires.com.ar\/index.php\/2020\/07\/22\/reabrieron-los-parques-y-plazas-con-medidas\/","title":{"rendered":"Reabrieron los parques y plazas con medidas"},"content":{"rendered":"<p>Ayer martes comenz\u00f3 la reapertura escalonada de los m\u00e1s de 900 espacios verdes de la Ciudad de Buenos Aires, entre los que se cuentan los principales parques, plazas y plazoletas barriales. La medida tiene lugar en el marco del Plan Integral y Gradual de Puesta en Marcha de la Ciudad lanzado para la nueva fase que atraviesa la regi\u00f3n metropolitana de Buenos Aires en relaci\u00f3n de la pandemia por el coronavirus. En la primera semana los espacios permanecer\u00e1n abiertos el martes 21, jueves 23, s\u00e1bado 25 y el domingo 26 de julio de 10 a 18 horas. Se deber\u00e1n mantener las normas de distanciamiento social.<\/p>\n<p>El protocolo de uso establece la segmentaci\u00f3n de \u00e1reas que progresivamente se ir\u00e1 habilitando. A partir del lunes 27 las plazas y parques estar\u00e1n accesibles los 7 d\u00edas de la semana en el mismo horario de 10 a 18 horas. En tanto sigue vigente la necesidad de evitar los grandes desplazamientos de una comuna a otra, las familias deber\u00e1n asistir a los parques y plazas m\u00e1s pr\u00f3ximos a sus domicilios teniendo en cuenta que est\u00e1n habilitados los recorridos que no superen los 500 metros, es decir, las cinco cuadras de distancia. De acuerdo al protocolo, se permitir\u00e1 el acceso de los m\u00e1s peque\u00f1os que podr\u00e1n ingresar a los parques con bicicletas, monopat\u00edn, patines y otros rodados que permitan la movilidad y disfrute de los espacios verdes.<\/p>\n<p>Los patios de juegos, postas aer\u00f3bicas, mesas de ping pong y canchas o playones para hacer deportes no estar\u00e1n habilitados en esta primera etapa. Seg\u00fan el plan de apertura progresiva, su acceso est\u00e1 previsto para la cuarta etapa.Durante esta fase, el uso recreativo de los espacios verdes de la Ciudad podr\u00e1 realizarse por las familias de acuerdo con las siguientes condiciones. Los menores de quince a\u00f1os deber\u00e1n estar acompa\u00f1ados por sus padres o adultos a cargo. Podr\u00e1n acceder y transitar por caminos, aceras y senderos. Las \u00e1reas verdes podr\u00e1n ser utilizadas pero no se podr\u00e1 permanecer en las mismas. Los puntos verdes, centros de tercera edad y las estaciones saludables: permanecer\u00e1n cerradas.<\/p>\n<p><strong>Uso recreativo<\/strong><br \/>Horario de apertura 10 a 18 horas, tiempo de recreaci\u00f3n una hora.<br \/>Ni\u00f1os\/as menores de 16 a\u00f1os acompa\u00f1ados por un mayor de edad a cargo.<br \/>Podr\u00e1n acceder y transitar por caminos, aceras y senderos.<br \/>Los ni\u00f1os podr\u00e1n acceder con bicicletas, patines, monopatines.<br \/>Las \u00e1reas verdes podr\u00e1n ser utilizadas pero no se podr\u00e1 permanecer en las mismas.<br \/>No estar\u00e1n habilitados los patios de juegos, mesas de ping pong, caniles.<\/p>\n","protected":false},"excerpt":{"rendered":"<p>Ayer martes comenz\u00f3 la reapertura escalonada de los m\u00e1s de 900 espacios verdes de la Ciudad de Buenos Aires, entre los que se cuentan los principales parques, plazas y plazoletas barriales. La medida tiene lugar en el marco del Plan Integral y Gradual de Puesta en Marcha de la Ciudad lanzado para la nueva fase [&hellip;]<\/p>\n","protected":false},"author":1,"featured_media":1654,"comment_status":"open","ping_status":"open","sticky":false,"template":"","format":"standard","meta":{"_et_pb_use_builder":"","_et_pb_old_content":"","_et_gb_content_width":"","footnotes":""},"categories":[11,32],"tags":[],"class_list":["post-1653","post","type-post","status-publish","format-standard","has-post-thumbnail","hentry","category-ciudad","category-comunas"],"_links":{"self":[{"href":"https:\/\/vocesdebaires.com.ar\/index.php\/wp-json\/wp\/v2\/posts\/1653"}],"collection":[{"href":"https:\/\/vocesdebaires.com.ar\/index.php\/wp-json\/wp\/v2\/posts"}],"about":[{"href":"https:\/\/vocesdebaires.com.ar\/index.php\/wp-json\/wp\/v2\/types\/post"}],"author":[{"embeddable":true,"href":"https:\/\/vocesdebaires.com.ar\/index.php\/wp-json\/wp\/v2\/users\/1"}],"replies":[{"embeddable":true,"href":"https:\/\/vocesdebaires.com.ar\/index.php\/wp-json\/wp\/v2\/comments?post=1653"}],"version-history":[{"count":0,"href":"https:\/\/vocesdebaires.com.ar\/index.php\/wp-json\/wp\/v2\/posts\/1653\/revisions"}],"wp:featuredmedia":[{"embeddable":true,"href":"https:\/\/vocesdebaires.com.ar\/index.php\/wp-json\/wp\/v2\/media\/1654"}],"wp:attachment":[{"href":"https:\/\/vocesdebaires.com.ar\/index.php\/wp-json\/wp\/v2\/media?parent=1653"}],"wp:term":[{"taxonomy":"category","embeddable":true,"href":"https:\/\/vocesdebaires.com.ar\/index.php\/wp-json\/wp\/v2\/categories?post=1653"},{"taxonomy":"post_tag","embeddable":true,"href":"https:\/\/vocesdebaires.com.ar\/index.php\/wp-json\/wp\/v2\/tags?post=1653"}],"curies":[{"name":"wp","href":"https:\/\/api.w.org\/{rel}","templated":true}]}}