{"id":16542,"date":"2013-12-20T13:03:17","date_gmt":"2013-12-20T16:03:17","guid":{"rendered":"http:\/\/vocesdebaires.com.ar\/wordpress\/index.php\/2013\/12\/20\/ranking-fifa-argentina-se-ubica-en-el-tercer-lugar\/"},"modified":"2013-12-20T13:03:17","modified_gmt":"2013-12-20T16:03:17","slug":"ranking-fifa-argentina-se-ubica-en-el-tercer-lugar","status":"publish","type":"post","link":"https:\/\/vocesdebaires.com.ar\/index.php\/2013\/12\/20\/ranking-fifa-argentina-se-ubica-en-el-tercer-lugar\/","title":{"rendered":"Ranking FIFA: Argentina se ubica en el tercer lugar"},"content":{"rendered":"<p>\u00a0<br \/>\n El Seleccionado Argentino se encuentra en el tercer lugar del ranking mensual que elabora la FIFA con 1251 puntos. Espa\u00f1a con 1507 puntos , el \u00faltimo campe\u00f3n de la Copa del Mundo, lidera el ranking, seguido por Alemania.<br \/>\n A continuaci\u00f3n se detallan los primeros puestos del Ranking FIFA:<br \/>\n\u00a0<br \/>\n\u00a0<br \/>\n\u00a0<br \/>\n\u00a0<br \/>\n1\u00ba \u00a0Espa\u00f1a \u00a0 \u00a01507<br \/>\n\u00a0<br \/>\n2\u00ba \u00a0Alemania \u00a01318<br \/>\n\u00a0<br \/>\n3\u00ba \u00a0Argentina \u00a01251<br \/>\n\u00a0<br \/>\n4\u00ba \u00a0Colombia \u00a01200<br \/>\n\u00a0<br \/>\n5\u00ba \u00a0Portugal \u00a01172<\/p>\n","protected":false},"excerpt":{"rendered":"<p>\u00a0 El Seleccionado Argentino se encuentra en el tercer lugar del ranking mensual que elabora la FIFA con 1251 puntos. Espa\u00f1a con 1507 puntos , el \u00faltimo campe\u00f3n de la Copa del Mundo, lidera el ranking, seguido por Alemania. A continuaci\u00f3n se detallan los primeros puestos del Ranking FIFA: \u00a0 \u00a0 \u00a0 \u00a0 1\u00ba \u00a0Espa\u00f1a [&hellip;]<\/p>\n","protected":false},"author":2,"featured_media":16543,"comment_status":"open","ping_status":"open","sticky":false,"template":"","format":"standard","meta":{"_et_pb_use_builder":"","_et_pb_old_content":"","_et_gb_content_width":"","footnotes":""},"categories":[14,49],"tags":[],"class_list":["post-16542","post","type-post","status-publish","format-standard","has-post-thumbnail","hentry","category-deportes","category-seleccion-argentina-2"],"_links":{"self":[{"href":"https:\/\/vocesdebaires.com.ar\/index.php\/wp-json\/wp\/v2\/posts\/16542"}],"collection":[{"href":"https:\/\/vocesdebaires.com.ar\/index.php\/wp-json\/wp\/v2\/posts"}],"about":[{"href":"https:\/\/vocesdebaires.com.ar\/index.php\/wp-json\/wp\/v2\/types\/post"}],"author":[{"embeddable":true,"href":"https:\/\/vocesdebaires.com.ar\/index.php\/wp-json\/wp\/v2\/users\/2"}],"replies":[{"embeddable":true,"href":"https:\/\/vocesdebaires.com.ar\/index.php\/wp-json\/wp\/v2\/comments?post=16542"}],"version-history":[{"count":0,"href":"https:\/\/vocesdebaires.com.ar\/index.php\/wp-json\/wp\/v2\/posts\/16542\/revisions"}],"wp:featuredmedia":[{"embeddable":true,"href":"https:\/\/vocesdebaires.com.ar\/index.php\/wp-json\/wp\/v2\/media\/16543"}],"wp:attachment":[{"href":"https:\/\/vocesdebaires.com.ar\/index.php\/wp-json\/wp\/v2\/media?parent=16542"}],"wp:term":[{"taxonomy":"category","embeddable":true,"href":"https:\/\/vocesdebaires.com.ar\/index.php\/wp-json\/wp\/v2\/categories?post=16542"},{"taxonomy":"post_tag","embeddable":true,"href":"https:\/\/vocesdebaires.com.ar\/index.php\/wp-json\/wp\/v2\/tags?post=16542"}],"curies":[{"name":"wp","href":"https:\/\/api.w.org\/{rel}","templated":true}]}}