{"id":16544,"date":"2013-12-20T13:09:53","date_gmt":"2013-12-20T16:09:53","guid":{"rendered":"http:\/\/vocesdebaires.com.ar\/wordpress\/index.php\/2013\/12\/20\/macri-recibio-un-premio-internacional\/"},"modified":"2013-12-20T13:09:53","modified_gmt":"2013-12-20T16:09:53","slug":"macri-recibio-un-premio-internacional","status":"publish","type":"post","link":"https:\/\/vocesdebaires.com.ar\/index.php\/2013\/12\/20\/macri-recibio-un-premio-internacional\/","title":{"rendered":"Macri recibi\u00f3 un premio internacional"},"content":{"rendered":"<p>\u00a0<br \/>\n El Jefe de Gobierno porte\u00f1o, Mauricio Macri, recibi\u00f3 el Citizen\u2019s Choice Award, un premio internacional otorgado a la Ciudad de Buenos Aires en reconocimiento a su programa de Movilidad Sustentable y por generar importantes innovaciones en las pol\u00edticas de transporte con el Metrobus y el sistema Ecobici. \u201cPara nosotros es un honor y un est\u00edmulo recibir este premio que ha sido producto de una elecci\u00f3n en la que han participado m\u00e1s de 10 mil personas en todo el mundo\u201d, dijo Macri \u00a0durante la entrega del premio esta tarde \u00a0en un acto efectuado en el Jard\u00edn Bot\u00e1nico de Palermo.<br \/>\n El reconocimiento a Buenos Aires y a su Plan de Movilidad Sustentable fue el resultado de una competencia que \u00a0eval\u00faa y destaca iniciativas exitosas en materia de sustentabilidad urbana. El premio fue entregado por el C40, el foro que integran 63 grandes ciudades de todo el mundo comprometidas en la lucha contra el calentamiento global y la empresa alemana Siemens. Macri sostuvo que \u201capostamos a esta transformaci\u00f3n en el marco de la agenda verde porque queremos contribuir a mejorar la calidad de vida \u00a0de los ciudadanos y \u00a0la sustentabilidad ambiental del planeta\u201d.<br \/>\n \u201cPor \u00a0suerte \u00a0en nuestra poblaci\u00f3n ya se observa un importante cambio cultural y un gran nivel de concientizaci\u00f3n en materia de cuidado ambiental que nos va a ayudar mucho para seguir trabajando\u201d, subray\u00f3.  La Ciudad fue elegida por el p\u00fablico que pudo seleccionar su proyecto favorito entre los nominados \u00a0durante una compulsa efectuada en setiembre \u00faltimo en Londres a trav\u00e9s de un sistema de votaci\u00f3n electr\u00f3nico. All\u00ed \u00a020 ciudades participaron por contar con los mejores programas de sostenibilidad urbana a nivel mundial, lo cual inclu\u00eda planes \u00a0de infraestructura, transporte y \u00a0consumo responsable, \u00a0entre otras pol\u00edticas. Buenos Aires estuvo nominada como finalista en la categor\u00eda de Transporte Urbano por el Plan de Movilidad y los resultados de los servicios de Metrobus y Ecobici. La capital argentina \u00a0compiti\u00f3 contra 19 ciudades que postularon proyectos de mejora en la calidad de vida de sus habitantes, entre ellas, Amsterdam, \u00a0Barcelona, Berl\u00edn, Chicago, \u00a0Johannesburgo, Londres, Los \u00c1ngeles, Nueva York, \u00a0Paris, Rio de Janeiro, \u00a0San Pablo, y \u00a0Shanghai<\/p>\n","protected":false},"excerpt":{"rendered":"<p>\u00a0 El Jefe de Gobierno porte\u00f1o, Mauricio Macri, recibi\u00f3 el Citizen\u2019s Choice Award, un premio internacional otorgado a la Ciudad de Buenos Aires en reconocimiento a su programa de Movilidad Sustentable y por generar importantes innovaciones en las pol\u00edticas de transporte con el Metrobus y el sistema Ecobici. \u201cPara nosotros es un honor y un [&hellip;]<\/p>\n","protected":false},"author":2,"featured_media":16545,"comment_status":"open","ping_status":"open","sticky":false,"template":"","format":"standard","meta":{"_et_pb_use_builder":"","_et_pb_old_content":"","_et_gb_content_width":"","footnotes":""},"categories":[11,44],"tags":[],"class_list":["post-16544","post","type-post","status-publish","format-standard","has-post-thumbnail","hentry","category-ciudad","category-funcionarios-de-la-caba"],"_links":{"self":[{"href":"https:\/\/vocesdebaires.com.ar\/index.php\/wp-json\/wp\/v2\/posts\/16544"}],"collection":[{"href":"https:\/\/vocesdebaires.com.ar\/index.php\/wp-json\/wp\/v2\/posts"}],"about":[{"href":"https:\/\/vocesdebaires.com.ar\/index.php\/wp-json\/wp\/v2\/types\/post"}],"author":[{"embeddable":true,"href":"https:\/\/vocesdebaires.com.ar\/index.php\/wp-json\/wp\/v2\/users\/2"}],"replies":[{"embeddable":true,"href":"https:\/\/vocesdebaires.com.ar\/index.php\/wp-json\/wp\/v2\/comments?post=16544"}],"version-history":[{"count":0,"href":"https:\/\/vocesdebaires.com.ar\/index.php\/wp-json\/wp\/v2\/posts\/16544\/revisions"}],"wp:featuredmedia":[{"embeddable":true,"href":"https:\/\/vocesdebaires.com.ar\/index.php\/wp-json\/wp\/v2\/media\/16545"}],"wp:attachment":[{"href":"https:\/\/vocesdebaires.com.ar\/index.php\/wp-json\/wp\/v2\/media?parent=16544"}],"wp:term":[{"taxonomy":"category","embeddable":true,"href":"https:\/\/vocesdebaires.com.ar\/index.php\/wp-json\/wp\/v2\/categories?post=16544"},{"taxonomy":"post_tag","embeddable":true,"href":"https:\/\/vocesdebaires.com.ar\/index.php\/wp-json\/wp\/v2\/tags?post=16544"}],"curies":[{"name":"wp","href":"https:\/\/api.w.org\/{rel}","templated":true}]}}