{"id":16566,"date":"2013-12-23T12:43:46","date_gmt":"2013-12-23T15:43:46","guid":{"rendered":"http:\/\/vocesdebaires.com.ar\/wordpress\/index.php\/2013\/12\/23\/12-anos-del-argentinazo\/"},"modified":"2013-12-23T12:43:46","modified_gmt":"2013-12-23T15:43:46","slug":"12-anos-del-argentinazo","status":"publish","type":"post","link":"https:\/\/vocesdebaires.com.ar\/index.php\/2013\/12\/23\/12-anos-del-argentinazo\/","title":{"rendered":"12 a\u00f1os del Argentinazo"},"content":{"rendered":"<p>\u00a0<br \/>\n A 12 a\u00f1os del Argentinazo de 2001, el MST-Nueva Izquierda hizo en Parque Lezama un combativo acto para dar las propuestas de la izquierda para salir de la crisis. Ante numerosos trabajadores y estudiantes, saludaron Gustavo Gim\u00e9nez (Movimiento Teresa Vive), Guillermo Pacagnini (Mesa Nacional de la CTA opositora) y Vilma Ripoll, quien critic\u00f3 &quot;la sumisi\u00f3n de los senadores K a la Iglesia en la reforma del C\u00f3digo Civil&quot;. Como orador de fondo, el diputado Alejandro Bodart, secretario general del MST, afirm\u00f3: &quot;En el 2014 van a crecer la conflictividad social y el espacio para nuestras propuestas de izquierda. La crisis capitalista, m\u00e1s la decepci\u00f3n con el gobierno nacional y la oposici\u00f3n funcional, empujan hacia la izquierda a miles y miles de trabajadores y j\u00f3venes. Por eso proponemos construir una alternativa de unidad que se prepare para ser opci\u00f3n de gobierno&quot;<\/p>\n","protected":false},"excerpt":{"rendered":"<p>\u00a0 A 12 a\u00f1os del Argentinazo de 2001, el MST-Nueva Izquierda hizo en Parque Lezama un combativo acto para dar las propuestas de la izquierda para salir de la crisis. Ante numerosos trabajadores y estudiantes, saludaron Gustavo Gim\u00e9nez (Movimiento Teresa Vive), Guillermo Pacagnini (Mesa Nacional de la CTA opositora) y Vilma Ripoll, quien critic\u00f3 &quot;la [&hellip;]<\/p>\n","protected":false},"author":2,"featured_media":16567,"comment_status":"open","ping_status":"open","sticky":false,"template":"","format":"standard","meta":{"_et_pb_use_builder":"","_et_pb_old_content":"","_et_gb_content_width":"","footnotes":""},"categories":[11,44],"tags":[],"class_list":["post-16566","post","type-post","status-publish","format-standard","has-post-thumbnail","hentry","category-ciudad","category-funcionarios-de-la-caba"],"_links":{"self":[{"href":"https:\/\/vocesdebaires.com.ar\/index.php\/wp-json\/wp\/v2\/posts\/16566"}],"collection":[{"href":"https:\/\/vocesdebaires.com.ar\/index.php\/wp-json\/wp\/v2\/posts"}],"about":[{"href":"https:\/\/vocesdebaires.com.ar\/index.php\/wp-json\/wp\/v2\/types\/post"}],"author":[{"embeddable":true,"href":"https:\/\/vocesdebaires.com.ar\/index.php\/wp-json\/wp\/v2\/users\/2"}],"replies":[{"embeddable":true,"href":"https:\/\/vocesdebaires.com.ar\/index.php\/wp-json\/wp\/v2\/comments?post=16566"}],"version-history":[{"count":0,"href":"https:\/\/vocesdebaires.com.ar\/index.php\/wp-json\/wp\/v2\/posts\/16566\/revisions"}],"wp:featuredmedia":[{"embeddable":true,"href":"https:\/\/vocesdebaires.com.ar\/index.php\/wp-json\/wp\/v2\/media\/16567"}],"wp:attachment":[{"href":"https:\/\/vocesdebaires.com.ar\/index.php\/wp-json\/wp\/v2\/media?parent=16566"}],"wp:term":[{"taxonomy":"category","embeddable":true,"href":"https:\/\/vocesdebaires.com.ar\/index.php\/wp-json\/wp\/v2\/categories?post=16566"},{"taxonomy":"post_tag","embeddable":true,"href":"https:\/\/vocesdebaires.com.ar\/index.php\/wp-json\/wp\/v2\/tags?post=16566"}],"curies":[{"name":"wp","href":"https:\/\/api.w.org\/{rel}","templated":true}]}}