{"id":1662,"date":"2020-07-21T03:00:00","date_gmt":"2020-07-21T06:00:00","guid":{"rendered":"http:\/\/vocesdebaires.com.ar\/wordpress\/index.php\/2020\/07\/21\/ciudad-aperturas-por-dia-en-la-primera-etapa\/"},"modified":"2020-07-21T03:00:00","modified_gmt":"2020-07-21T06:00:00","slug":"ciudad-aperturas-por-dia-en-la-primera-etapa","status":"publish","type":"post","link":"https:\/\/vocesdebaires.com.ar\/index.php\/2020\/07\/21\/ciudad-aperturas-por-dia-en-la-primera-etapa\/","title":{"rendered":"Ciudad: Aperturas por d\u00eda en la primera etapa"},"content":{"rendered":"<p>Martes 21<br \/>Salidas recreativas de chicos: se ampl\u00edan en el horario de 10 a 18, a los martes, jueves, s\u00e1bado y domingo.<br \/>Sin restricci\u00f3n por d\u00eda seg\u00fan el DNI.<br \/>A 500 metros del domicilio de residencia.<br \/>Distanciamiento social y uso de tapabocas para mayores de 6.<br \/>Duraci\u00f3n m\u00e1xima: 60 minutos por d\u00eda.<br \/>Apertura de plazas y parques sin permanencia, sin uso de patio de juegos ni postas aer\u00f3bicas.<\/p>\n<p>Mi\u00e9rcoles 22<br \/>Se suma a los comercios de cercan\u00eda y galer\u00edas barriales los comercios de indumentaria y calzado barriales con DNI seg\u00fan el d\u00eda.<br \/>Culto: apertura para tareas administrativas, celebraciones online y rezo individual con aforo y tope.<br \/>Lavaderos de autos.<br \/>Paseadores de perros.<br \/>Industria del juguete.<\/p>\n<p>S\u00e1bado 25<br \/>Mudanzas, s\u00f3lo los fines de semana.<\/p>\n<p>Lunes 27<br \/>Salidas recreativas con chicos: se extienden a todos los d\u00edas de 10 a 18, una hora por d\u00eda.<br \/>Abogados<br \/>Galer\u00edas de arte con turno.<\/p>\n<p>Mi\u00e9rcoles 29<br \/>Peluquer\u00edas, depilaci\u00f3n, manicura y pedicur\u00eda.<br \/>Psic\u00f3logos.<br \/>Psicopedagogos.<br \/>Terapistas ocupacionales.<br \/>Kinesi\u00f3logos que trabajan con trastornos del neurodesarrollo y para la tercera edad.<br \/>Fonoaudi\u00f3logos que trabajan con trastorno del espectro autista (TEA).<\/p>\n<p>Lunes 3 de agosto<br \/>Comercios de cercan\u00eda en avenidas de alta circulaci\u00f3n, incluye los rubros de indumentaria y calzado con DNI seg\u00fan el d\u00eda. No incluye a los Centros de Trasbordo como Liniers, Retiro y Constituci\u00f3n, y la calle Avellaneda y zona de Once.<\/p>\n","protected":false},"excerpt":{"rendered":"<p>Martes 21Salidas recreativas de chicos: se ampl\u00edan en el horario de 10 a 18, a los martes, jueves, s\u00e1bado y domingo.Sin restricci\u00f3n por d\u00eda seg\u00fan el DNI.A 500 metros del domicilio de residencia.Distanciamiento social y uso de tapabocas para mayores de 6.Duraci\u00f3n m\u00e1xima: 60 minutos por d\u00eda.Apertura de plazas y parques sin permanencia, sin uso [&hellip;]<\/p>\n","protected":false},"author":1,"featured_media":1663,"comment_status":"open","ping_status":"open","sticky":false,"template":"","format":"standard","meta":{"_et_pb_use_builder":"","_et_pb_old_content":"","_et_gb_content_width":"","footnotes":""},"categories":[11,32],"tags":[],"class_list":["post-1662","post","type-post","status-publish","format-standard","has-post-thumbnail","hentry","category-ciudad","category-comunas"],"_links":{"self":[{"href":"https:\/\/vocesdebaires.com.ar\/index.php\/wp-json\/wp\/v2\/posts\/1662"}],"collection":[{"href":"https:\/\/vocesdebaires.com.ar\/index.php\/wp-json\/wp\/v2\/posts"}],"about":[{"href":"https:\/\/vocesdebaires.com.ar\/index.php\/wp-json\/wp\/v2\/types\/post"}],"author":[{"embeddable":true,"href":"https:\/\/vocesdebaires.com.ar\/index.php\/wp-json\/wp\/v2\/users\/1"}],"replies":[{"embeddable":true,"href":"https:\/\/vocesdebaires.com.ar\/index.php\/wp-json\/wp\/v2\/comments?post=1662"}],"version-history":[{"count":0,"href":"https:\/\/vocesdebaires.com.ar\/index.php\/wp-json\/wp\/v2\/posts\/1662\/revisions"}],"wp:featuredmedia":[{"embeddable":true,"href":"https:\/\/vocesdebaires.com.ar\/index.php\/wp-json\/wp\/v2\/media\/1663"}],"wp:attachment":[{"href":"https:\/\/vocesdebaires.com.ar\/index.php\/wp-json\/wp\/v2\/media?parent=1662"}],"wp:term":[{"taxonomy":"category","embeddable":true,"href":"https:\/\/vocesdebaires.com.ar\/index.php\/wp-json\/wp\/v2\/categories?post=1662"},{"taxonomy":"post_tag","embeddable":true,"href":"https:\/\/vocesdebaires.com.ar\/index.php\/wp-json\/wp\/v2\/tags?post=1662"}],"curies":[{"name":"wp","href":"https:\/\/api.w.org\/{rel}","templated":true}]}}