{"id":16622,"date":"2013-12-26T16:28:12","date_gmt":"2013-12-26T19:28:12","guid":{"rendered":"http:\/\/vocesdebaires.com.ar\/wordpress\/index.php\/2013\/12\/26\/vidal-cortes-de-luz-responsabilizo-a-empresas-y-gobierno\/"},"modified":"2013-12-26T16:28:12","modified_gmt":"2013-12-26T19:28:12","slug":"vidal-cortes-de-luz-responsabilizo-a-empresas-y-gobierno","status":"publish","type":"post","link":"https:\/\/vocesdebaires.com.ar\/index.php\/2013\/12\/26\/vidal-cortes-de-luz-responsabilizo-a-empresas-y-gobierno\/","title":{"rendered":"Vidal:  Cortes de luz, responsabiliz\u00f3 a empresas y gobierno"},"content":{"rendered":"<p>\u00a0<br \/>\n La vicejefa de gobierno porte\u00f1o, Mar\u00eda Eugenia Vidal, consider\u00f3 que los cortes de luz que vienen afectando desde hace m\u00e1s de 10 d\u00edas a vecinos de distintos barrios de la ciudad obedecen a un problema estructural que deben solucionar las empresas el\u00e9ctricas y el gobierno nacional. \u201cLa magnitud del problema requiere una respuesta m\u00e1s estructural tanto desde las empresas el\u00e9ctricas como desde el gobierno nacional, que son los responsables de este problema que est\u00e1n atravesando los vecinos\u201d, remarc\u00f3 la funcionaria.<br \/>\n En declaraciones, la vicejefa asegur\u00f3: \u201cLamentablemente, en m\u00e1s de diez barrios de la ciudad miles de vecinos han pasado la Navidad sin luz. Estamos esperando que las empresas resuelvan los problemas y que junto con el gobierno nacional si no lo pueden resolver en el corto plazo que, por lo menos, puedan poner en marcha un plan de contingencia\u201d. La funcionaria inform\u00f3 que desde el gobierno de la ciudad se est\u00e1 asistiendo a los vecinos a trav\u00e9s del equipo de Emergencias, Defensa Civil y la Guardia de Auxilio.  \u201cEstamos tratando de acompa\u00f1ar a los vecinos en esta situaci\u00f3n, llevando grupos electr\u00f3genos a los lugares m\u00e1s sensibles como son los geri\u00e1tricos y los hospitales\u201d, detall\u00f3 Vidal. \u201cVamos a seguir desde nuestro n\u00famero de emergencias, que es el 103, recibiendo llamadas y recorriendo la ciudad. \u00a0Estamos tratando de acompa\u00f1ar a los vecinos en esta situaci\u00f3n. Esperamos que cuanto antes se resuelvan los cortes de luz y que la gente pueda pasar A\u00f1o Nuevo en paz\u201d, concluy\u00f3.<br \/>\n\u00a0<\/p>\n","protected":false},"excerpt":{"rendered":"<p>\u00a0 La vicejefa de gobierno porte\u00f1o, Mar\u00eda Eugenia Vidal, consider\u00f3 que los cortes de luz que vienen afectando desde hace m\u00e1s de 10 d\u00edas a vecinos de distintos barrios de la ciudad obedecen a un problema estructural que deben solucionar las empresas el\u00e9ctricas y el gobierno nacional. \u201cLa magnitud del problema requiere una respuesta m\u00e1s [&hellip;]<\/p>\n","protected":false},"author":2,"featured_media":15416,"comment_status":"open","ping_status":"open","sticky":false,"template":"","format":"standard","meta":{"_et_pb_use_builder":"","_et_pb_old_content":"","_et_gb_content_width":"","footnotes":""},"categories":[11,44],"tags":[],"class_list":["post-16622","post","type-post","status-publish","format-standard","has-post-thumbnail","hentry","category-ciudad","category-funcionarios-de-la-caba"],"_links":{"self":[{"href":"https:\/\/vocesdebaires.com.ar\/index.php\/wp-json\/wp\/v2\/posts\/16622"}],"collection":[{"href":"https:\/\/vocesdebaires.com.ar\/index.php\/wp-json\/wp\/v2\/posts"}],"about":[{"href":"https:\/\/vocesdebaires.com.ar\/index.php\/wp-json\/wp\/v2\/types\/post"}],"author":[{"embeddable":true,"href":"https:\/\/vocesdebaires.com.ar\/index.php\/wp-json\/wp\/v2\/users\/2"}],"replies":[{"embeddable":true,"href":"https:\/\/vocesdebaires.com.ar\/index.php\/wp-json\/wp\/v2\/comments?post=16622"}],"version-history":[{"count":0,"href":"https:\/\/vocesdebaires.com.ar\/index.php\/wp-json\/wp\/v2\/posts\/16622\/revisions"}],"wp:featuredmedia":[{"embeddable":true,"href":"https:\/\/vocesdebaires.com.ar\/index.php\/wp-json\/wp\/v2\/media\/15416"}],"wp:attachment":[{"href":"https:\/\/vocesdebaires.com.ar\/index.php\/wp-json\/wp\/v2\/media?parent=16622"}],"wp:term":[{"taxonomy":"category","embeddable":true,"href":"https:\/\/vocesdebaires.com.ar\/index.php\/wp-json\/wp\/v2\/categories?post=16622"},{"taxonomy":"post_tag","embeddable":true,"href":"https:\/\/vocesdebaires.com.ar\/index.php\/wp-json\/wp\/v2\/tags?post=16622"}],"curies":[{"name":"wp","href":"https:\/\/api.w.org\/{rel}","templated":true}]}}