{"id":16631,"date":"2013-12-27T13:47:13","date_gmt":"2013-12-27T16:47:13","guid":{"rendered":"http:\/\/vocesdebaires.com.ar\/wordpress\/index.php\/2013\/12\/27\/bodart-ante-los-cortes-de-luz-en-la-ciudad\/"},"modified":"2013-12-27T13:47:13","modified_gmt":"2013-12-27T16:47:13","slug":"bodart-ante-los-cortes-de-luz-en-la-ciudad","status":"publish","type":"post","link":"https:\/\/vocesdebaires.com.ar\/index.php\/2013\/12\/27\/bodart-ante-los-cortes-de-luz-en-la-ciudad\/","title":{"rendered":"Bodart, ante los cortes de luz en la Ciudad"},"content":{"rendered":"<p>\u00a0<br \/>\n Ante los continuos cortes de luz, el diputado porte\u00f1o Alejandro Bodart (MST-Nueva Izquierda) present\u00f3 hoy un proyecto de ley (ver adj.): &quot;Propongo declarar la emergencia el\u00e9ctrica en la Ciudad, con un plan urgente para instalar generadores, hacer las reparaciones necesarias e intervenir a las empresas Edenur y Edesur, que son co-responsables de esta crisis junto al gobierno nacional.&quot;<br \/>\nBodart agreg\u00f3: &quot;Para costear la ley mi propuesta es anular las exenciones fiscales a empresas, as\u00ed como gravar el juego y la renta financiera. La declaraci\u00f3n de emergencia debe ser un primer paso para avanzar hacia la reestatizaci\u00f3n de todo el sistema energ\u00e9tico bajo control social.&quot; El proyecto de Bodart lleva el N\u00ba 3.024-D-2013 y circula un pedido para que sea tratado ma\u00f1ana en una sesi\u00f3n especial junto a otros proyectos.<\/p>\n","protected":false},"excerpt":{"rendered":"<p>\u00a0 Ante los continuos cortes de luz, el diputado porte\u00f1o Alejandro Bodart (MST-Nueva Izquierda) present\u00f3 hoy un proyecto de ley (ver adj.): &quot;Propongo declarar la emergencia el\u00e9ctrica en la Ciudad, con un plan urgente para instalar generadores, hacer las reparaciones necesarias e intervenir a las empresas Edenur y Edesur, que son co-responsables de esta crisis [&hellip;]<\/p>\n","protected":false},"author":2,"featured_media":15727,"comment_status":"open","ping_status":"open","sticky":false,"template":"","format":"standard","meta":{"_et_pb_use_builder":"","_et_pb_old_content":"","_et_gb_content_width":"","footnotes":""},"categories":[11,44],"tags":[],"class_list":["post-16631","post","type-post","status-publish","format-standard","has-post-thumbnail","hentry","category-ciudad","category-funcionarios-de-la-caba"],"_links":{"self":[{"href":"https:\/\/vocesdebaires.com.ar\/index.php\/wp-json\/wp\/v2\/posts\/16631"}],"collection":[{"href":"https:\/\/vocesdebaires.com.ar\/index.php\/wp-json\/wp\/v2\/posts"}],"about":[{"href":"https:\/\/vocesdebaires.com.ar\/index.php\/wp-json\/wp\/v2\/types\/post"}],"author":[{"embeddable":true,"href":"https:\/\/vocesdebaires.com.ar\/index.php\/wp-json\/wp\/v2\/users\/2"}],"replies":[{"embeddable":true,"href":"https:\/\/vocesdebaires.com.ar\/index.php\/wp-json\/wp\/v2\/comments?post=16631"}],"version-history":[{"count":0,"href":"https:\/\/vocesdebaires.com.ar\/index.php\/wp-json\/wp\/v2\/posts\/16631\/revisions"}],"wp:featuredmedia":[{"embeddable":true,"href":"https:\/\/vocesdebaires.com.ar\/index.php\/wp-json\/wp\/v2\/media\/15727"}],"wp:attachment":[{"href":"https:\/\/vocesdebaires.com.ar\/index.php\/wp-json\/wp\/v2\/media?parent=16631"}],"wp:term":[{"taxonomy":"category","embeddable":true,"href":"https:\/\/vocesdebaires.com.ar\/index.php\/wp-json\/wp\/v2\/categories?post=16631"},{"taxonomy":"post_tag","embeddable":true,"href":"https:\/\/vocesdebaires.com.ar\/index.php\/wp-json\/wp\/v2\/tags?post=16631"}],"curies":[{"name":"wp","href":"https:\/\/api.w.org\/{rel}","templated":true}]}}