{"id":16642,"date":"2013-12-30T14:22:44","date_gmt":"2013-12-30T17:22:44","guid":{"rendered":"http:\/\/vocesdebaires.com.ar\/wordpress\/index.php\/2013\/12\/30\/legislatura-se-suma-a-la-declaracion-de-emergencia\/"},"modified":"2013-12-30T14:22:44","modified_gmt":"2013-12-30T17:22:44","slug":"legislatura-se-suma-a-la-declaracion-de-emergencia","status":"publish","type":"post","link":"https:\/\/vocesdebaires.com.ar\/index.php\/2013\/12\/30\/legislatura-se-suma-a-la-declaracion-de-emergencia\/","title":{"rendered":"Legislatura se suma a la declaraci\u00f3n de Emergencia"},"content":{"rendered":"<p>\u00a0<br \/>\n El vicepresidente 1\u00ba, Diputado Cristian Ritondo, afirm\u00f3 que la Legislatura Ciudad de Buenos Aires adhiere a la declaraci\u00f3n de &quot;emergencia&quot; declarada por el Jefe de Gobierno, Mauricio Macri al tiempo que celebr\u00f3 la convocatoria al Gobierno nacional &quot;para aunar esfuerzos ante la crisis energ\u00e9tica&quot;. &quot;Vamos a sumarnos a lo dispuesto por el Poder Ejecutivo de la Ciudad&quot;, dijo Ritondo quien dispuso la reducci\u00f3n del consumo de energ\u00eda en todo las dependencia de la Legislatura de la Ciudad. Ritondo se\u00f1al\u00f3 que &quot;deber\u00edamos recordar lo que pas\u00f3 en los \u00faltimos diez a\u00f1os pero hoy la prioridad la tienen los vecinos que no tienen luz hace diez d\u00edas consecuencia de la falta de inversi\u00f3n, subsidio prolongado y la falta de control&quot;.<br \/>\n Respecto del proyecto del diputado del Ari Maximiliano Ferraro, para establecer una eximici\u00f3n especial y \u00fanica del pago del primer semestre del a\u00f1o 2014 del impuesto inmobiliario ABL, a los vecinos de la Ciudad de Buenos Aires afectados por los cortes de energ\u00eda el\u00e9ctrica, Ritondo se\u00f1al\u00f3 que lo analizar\u00e1 junto con sus compa\u00f1eros de bloque &quot;para ver la viabilidad del mismo. No hay que olvidarse que la Ciudad no tiene potestad para manejar la distribuci\u00f3n de energ\u00eda. Ferraro tambi\u00e9n deber\u00eda recurrir al Congreso de la Naci\u00f3n para pedir una ley que termine con el impuesto a las ganancias la clase trabajadora&quot;.<br \/>\n Ritondo quien se\u00f1al\u00f3 estar en contacto permanente con el Jefe de Gobierno Mauricio Macri y la Vice Jefa, Mar\u00eda Eugenia Vidal, \u00a0record\u00f3 que ante la emergencia &quot;estamos colocando los generadores a disponibilidad en hospitales y centros de salud y redoblando el operativo de asistencia a todos los afectados donde hay un equipo un equipo repartiendo agua potable en los barrios m\u00e1s perjudicados&quot;. Finalmente Ritondo se\u00f1al\u00f3 &quot;Es hora de debatir en serio la Autonom\u00eda de la Ciudad de Buenos Aires. No huimos el debate pero queremos la autonom\u00eda plena tanto en los gastos como para los ingresos, porque transferencia de gastos y sin recursos, es lo que hac\u00eda en la d\u00e9cada del 90, el ministro de Econom\u00eda, Domingo Cavallo&quot;.<\/p>\n","protected":false},"excerpt":{"rendered":"<p>\u00a0 El vicepresidente 1\u00ba, Diputado Cristian Ritondo, afirm\u00f3 que la Legislatura Ciudad de Buenos Aires adhiere a la declaraci\u00f3n de &quot;emergencia&quot; declarada por el Jefe de Gobierno, Mauricio Macri al tiempo que celebr\u00f3 la convocatoria al Gobierno nacional &quot;para aunar esfuerzos ante la crisis energ\u00e9tica&quot;. &quot;Vamos a sumarnos a lo dispuesto por el Poder Ejecutivo [&hellip;]<\/p>\n","protected":false},"author":2,"featured_media":13807,"comment_status":"open","ping_status":"open","sticky":false,"template":"","format":"standard","meta":{"_et_pb_use_builder":"","_et_pb_old_content":"","_et_gb_content_width":"","footnotes":""},"categories":[11,44],"tags":[],"class_list":["post-16642","post","type-post","status-publish","format-standard","has-post-thumbnail","hentry","category-ciudad","category-funcionarios-de-la-caba"],"_links":{"self":[{"href":"https:\/\/vocesdebaires.com.ar\/index.php\/wp-json\/wp\/v2\/posts\/16642"}],"collection":[{"href":"https:\/\/vocesdebaires.com.ar\/index.php\/wp-json\/wp\/v2\/posts"}],"about":[{"href":"https:\/\/vocesdebaires.com.ar\/index.php\/wp-json\/wp\/v2\/types\/post"}],"author":[{"embeddable":true,"href":"https:\/\/vocesdebaires.com.ar\/index.php\/wp-json\/wp\/v2\/users\/2"}],"replies":[{"embeddable":true,"href":"https:\/\/vocesdebaires.com.ar\/index.php\/wp-json\/wp\/v2\/comments?post=16642"}],"version-history":[{"count":0,"href":"https:\/\/vocesdebaires.com.ar\/index.php\/wp-json\/wp\/v2\/posts\/16642\/revisions"}],"wp:featuredmedia":[{"embeddable":true,"href":"https:\/\/vocesdebaires.com.ar\/index.php\/wp-json\/wp\/v2\/media\/13807"}],"wp:attachment":[{"href":"https:\/\/vocesdebaires.com.ar\/index.php\/wp-json\/wp\/v2\/media?parent=16642"}],"wp:term":[{"taxonomy":"category","embeddable":true,"href":"https:\/\/vocesdebaires.com.ar\/index.php\/wp-json\/wp\/v2\/categories?post=16642"},{"taxonomy":"post_tag","embeddable":true,"href":"https:\/\/vocesdebaires.com.ar\/index.php\/wp-json\/wp\/v2\/tags?post=16642"}],"curies":[{"name":"wp","href":"https:\/\/api.w.org\/{rel}","templated":true}]}}