{"id":16644,"date":"2013-12-30T18:53:48","date_gmt":"2013-12-30T21:53:48","guid":{"rendered":"http:\/\/vocesdebaires.com.ar\/wordpress\/index.php\/2013\/12\/30\/legisladores-vuelven-a-exigir-sesion-por-crisis-energetica\/"},"modified":"2013-12-30T18:53:48","modified_gmt":"2013-12-30T21:53:48","slug":"legisladores-vuelven-a-exigir-sesion-por-crisis-energetica","status":"publish","type":"post","link":"https:\/\/vocesdebaires.com.ar\/index.php\/2013\/12\/30\/legisladores-vuelven-a-exigir-sesion-por-crisis-energetica\/","title":{"rendered":"Legisladores vuelven a exigir sesi\u00f3n por crisis energ\u00e9tica"},"content":{"rendered":"<p>\u00a0<br \/>\n Diputados de distintos bloques realizaron hoy una conferencia de prensa exigiendo nuevamente una sesi\u00f3n especial para tratar la emergencia energ\u00e9tica que afecta a los vecinos de la ciudad desde hace tres semanas. Los diputados Pablo Bergel, Gustavo Vera (Bloque Verde Alameda), Marcelo Ramal (FIT), Alejandro Bodart (MST) y Virginia Gonzalez Gass (PSA) fueron los \u00fanicos diputados firmantes de la nota dirigida al Vicepresidente Primero de la Legislatura, Cristian Ritondo, solicitado que se convoque \u00a0a una sesi\u00f3n especial de la Legislatura para tratar varios proyectos de sus autor\u00edas en este sentido.<br \/>\nEl diputado Bergel \u00a0abri\u00f3 la conferencia \u00a0se\u00f1alando que \u201cel cambio clim\u00e1tico lleg\u00f3 para quedarse y la ley local no est\u00e1 reglamentada y est\u00e1 hace un a\u00f1o frenada en la Legislatura, no se puede aducir sorpresa\u201d. Adem\u00e1s, agreg\u00f3 que \u201cla responsabilidad es de las nuevas oligarqu\u00edas rurales y urbanas que impulsan el monocultivo de cemento, como el capitalismo voraz y transnacional, la clase pol\u00edtica lobbista que autoriza construcciones sin realizar infraestructura\u201d.<br \/>\nBergel destac\u00f3 que el proyecto de su autor\u00eda (Expte. 3023-D-2013) prev\u00e9 un Comit\u00e9 de Emergencia integrado por el gobierno, bloques legislativos, juntas comunales, universidades y asociaciones de usuarios y vecinos. Y tres niveles de alerta: amarillo, naranja y rojo con una variedad de medidas a adoptar. El diputado Gustavo Vera se\u00f1al\u00f3 que en el d\u00eda de ma\u00f1ana denunciar\u00e1 por sabotaje -ley 13985- a los due\u00f1os de las empresas Edesur y Edenor y a los funcionarios. \u201cEs incre\u00edble que los legisladores a comienzos de diciembre tuvieron asistencia perfecta para condonar la deuda al mafioso de Crist\u00f3bal L\u00f3pez -propietario de los casinos que no paga 1200 millones de impuestos a ingresos brutos-, para hacer brindis, o repartirse cargos en los organismos de control pero la mayor\u00eda de los legisladores no estuvieron para reclamarle al Poder Ejecutivo que se ponga del lado de los vecinos ante los cientos de cortes de luz&quot;, agreg\u00f3.<br \/>\n Adem\u00e1s, manifest\u00f3 que \u201cLa Defensor\u00eda del Pueblo tiene que hacerse cargo del reclamo de los vecinos. No puede ser que por un cambio de autoridades la defensor\u00eda no replique lo actuado en el apag\u00f3n de 1999 cuando la entonces defensora Alicia Oliveira denunci\u00f3 a Edesur lo que logr\u00f3 que 155 mil usuarios en nueve meses sean indemnizados por la empresa&quot;. A su turno Marcelo Ramal, diputado electo del FIT, manifest\u00f3 que estamos viviendo \u201cuna reprivatizaci\u00f3n y \u00a0vuelta a los 90\u201d \u00a0y que Macri declar\u00f3 una \u201ccaricatura de emergencia\u201d. Adem\u00e1s el diputado explic\u00f3 las l\u00edneas m\u00e1s salientes del proyecto.<br \/>\n\u00a0<br \/>\n&#8212;&#8212;&#8212;&#8212;&#8212;&#8212;&#8212;&#8212;&#8212;&#8212;&#8212;&#8212;&#8212;&#8212;&#8212;&#8212;&#8212;&#8212;&#8212;&#8212;&#8212;&#8212;&#8212;&#8212;&#8212;&#8212;&#8212;&#8212;&#8212;&#8212;&#8212;&#8212;&#8212;&#8212;&#8212;&#8212;&#8212;&#8212;&#8212;&#8212;&#8211;<br \/>\n Bodart present\u00f3 amparo contra el boletazo del colectivo<br \/>\n&lt;img src=&quot;images\/stories\/1338bodarttt.jpg<br \/>\nEsta ma\u00f1ana, en Tribunales, el diputado Alejandro Bodart (MST-Nueva Izquierda) present\u00f3 un amparo contra la suba del colectivo: &quot;He pedido la habilitaci\u00f3n de feria para que la justicia suspenda este boletazo completamente injustificado e inoportuno.&quot; El amparo recay\u00f3 en el Juzgado Contencioso Administrativo Federal N\u00ba 1, a cargo del juez Eduardo Marinelli, como causa N\u00ba 57.195\/13.<br \/>\nEn su escrito de 23 p\u00e1ginas, Bodart se\u00f1ala: &quot;El Ministerio de Transporte de la Naci\u00f3n no ha presentado un an\u00e1lisis de la estructura de costos de las empresas de colectivos, ni de los controles sobre la utilizaci\u00f3n de los subsidios percibidos ni del impacto social que tendr\u00eda el aumento. Adem\u00e1s, la Resoluci\u00f3n 1609\/13 fue sancionada de manera inconsulta, sin una audiencia p\u00fablica previa que asegure una elemental informaci\u00f3n y participaci\u00f3n de los usuarios afectados.&quot;<br \/>\nAnte los argumentos del ministro Florencio Randazzo, Bodart agrega: &quot;Esta suba del 66% es bastante m\u00e1s del doble del 24% de aumento salarial promedio de este a\u00f1o, al que adem\u00e1s ni siquiera acceden todos los trabajadores ya que un 35% de ellos est\u00e1 precarizado. Si a eso le sumamos que seg\u00fan las \u00faltimas estad\u00edsticas la mitad de los trabajadores gana menos de 4.000 pesos mensuales y que tampoco el desempleo se ha reducido realmente, podemos bien concluir que Randazzo falta a la verdad.&quot;<\/p>\n","protected":false},"excerpt":{"rendered":"<p>\u00a0 Diputados de distintos bloques realizaron hoy una conferencia de prensa exigiendo nuevamente una sesi\u00f3n especial para tratar la emergencia energ\u00e9tica que afecta a los vecinos de la ciudad desde hace tres semanas. Los diputados Pablo Bergel, Gustavo Vera (Bloque Verde Alameda), Marcelo Ramal (FIT), Alejandro Bodart (MST) y Virginia Gonzalez Gass (PSA) fueron los [&hellip;]<\/p>\n","protected":false},"author":2,"featured_media":16645,"comment_status":"open","ping_status":"open","sticky":false,"template":"","format":"standard","meta":{"_et_pb_use_builder":"","_et_pb_old_content":"","_et_gb_content_width":"","footnotes":""},"categories":[11,44],"tags":[],"class_list":["post-16644","post","type-post","status-publish","format-standard","has-post-thumbnail","hentry","category-ciudad","category-funcionarios-de-la-caba"],"_links":{"self":[{"href":"https:\/\/vocesdebaires.com.ar\/index.php\/wp-json\/wp\/v2\/posts\/16644"}],"collection":[{"href":"https:\/\/vocesdebaires.com.ar\/index.php\/wp-json\/wp\/v2\/posts"}],"about":[{"href":"https:\/\/vocesdebaires.com.ar\/index.php\/wp-json\/wp\/v2\/types\/post"}],"author":[{"embeddable":true,"href":"https:\/\/vocesdebaires.com.ar\/index.php\/wp-json\/wp\/v2\/users\/2"}],"replies":[{"embeddable":true,"href":"https:\/\/vocesdebaires.com.ar\/index.php\/wp-json\/wp\/v2\/comments?post=16644"}],"version-history":[{"count":0,"href":"https:\/\/vocesdebaires.com.ar\/index.php\/wp-json\/wp\/v2\/posts\/16644\/revisions"}],"wp:featuredmedia":[{"embeddable":true,"href":"https:\/\/vocesdebaires.com.ar\/index.php\/wp-json\/wp\/v2\/media\/16645"}],"wp:attachment":[{"href":"https:\/\/vocesdebaires.com.ar\/index.php\/wp-json\/wp\/v2\/media?parent=16644"}],"wp:term":[{"taxonomy":"category","embeddable":true,"href":"https:\/\/vocesdebaires.com.ar\/index.php\/wp-json\/wp\/v2\/categories?post=16644"},{"taxonomy":"post_tag","embeddable":true,"href":"https:\/\/vocesdebaires.com.ar\/index.php\/wp-json\/wp\/v2\/tags?post=16644"}],"curies":[{"name":"wp","href":"https:\/\/api.w.org\/{rel}","templated":true}]}}