{"id":16646,"date":"2013-12-30T19:06:32","date_gmt":"2013-12-30T22:06:32","guid":{"rendered":"http:\/\/vocesdebaires.com.ar\/wordpress\/index.php\/2013\/12\/30\/macri-le-pidio-a-cristina-cambio-en-el-huso-horario\/"},"modified":"2013-12-30T19:06:32","modified_gmt":"2013-12-30T22:06:32","slug":"macri-le-pidio-a-cristina-cambio-en-el-huso-horario","status":"publish","type":"post","link":"https:\/\/vocesdebaires.com.ar\/index.php\/2013\/12\/30\/macri-le-pidio-a-cristina-cambio-en-el-huso-horario\/","title":{"rendered":"Macri: Le pidi\u00f3 a Cristina &quot;cambio en el huso horario&quot;"},"content":{"rendered":"<p>\u00a0<br \/>\n El jefe del Ejecutivo porte\u00f1o, Mauricio Macri, le pidi\u00f3 hoy al Gobierno un cambio del huso horario para el verano con el objetivo de ahorrar energ\u00eda y moderar los impactos para los usuarios que sufren cortes de luz. &quot;Vendr\u00eda mejor un cambio de horario&quot;, sostuvo el l\u00edder del PRO, quien explic\u00f3 que &quot;para la zona este ser\u00eda muy bueno, sobre todo para el eje Buenos Aires-Santa Fe-C\u00f3rdoba&quot;.<br \/>\n En conferencia de prensa en el barrio porte\u00f1o de Barracas, durante la reuni\u00f3n del comit\u00e9 de crisis, Macri asegur\u00f3 que el Gobierno deber\u00eda hacer uso de la Ley 26.350 y modificar el huso horario en la temporada de verano.  El mandatario solicit\u00f3 tambi\u00e9n que las interrupciones en el suministro el\u00e9ctrico sean programados para que los usuarios \u201cpuedan ordenarse\u201d. &quot;Lo peor que le puede pasar a una persona es no saber. Si avisan cu\u00e1ndo y cu\u00e1nto tardar\u00e1 en volver la luz, uno puede organizarse e ir a la casa de un familiar o amigo. Con informaci\u00f3n, la gente se planta de otra manera frente al tema&quot;, evalu\u00f3.<br \/>\n Seg\u00fan indic\u00f3 Macri, dicha solicitud se plante\u00f3 a las empresas distribuidoras de energ\u00eda y al Ejecutivo nacional, que qued\u00f3 en evaluarla.  Por otra parte, el jefe de Gobierno porte\u00f1o dijo que &quot;las empresas son responsables pero el que tiene la responsabilidad principal es el gobierno nacional&quot;. Y agreg\u00f3: &quot;Deben controlar y fiscalizar que haya un programa de inversiones, que es lo que no hubo en esta d\u00e9cada, ahora lamentablemente estamos lamentando las consecuencias&quot;.<br \/>\n A diferencia de las cifras brindadas hoy en Casa de Gobierno por Capitanich, quien indic\u00f3 que los cortes de energ\u00eda tienen un nivel de afectaci\u00f3n que oscila entre un uno y tres por ciento, Macri brind\u00f3 otros n\u00fameros. Seg\u00fan el mapa confeccionado por el gobierno porte\u00f1o, &quot;hay 100 lugares cr\u00edticos en Capital, que radican en m\u00e1s de 16 barrios&quot;.<\/p>\n","protected":false},"excerpt":{"rendered":"<p>\u00a0 El jefe del Ejecutivo porte\u00f1o, Mauricio Macri, le pidi\u00f3 hoy al Gobierno un cambio del huso horario para el verano con el objetivo de ahorrar energ\u00eda y moderar los impactos para los usuarios que sufren cortes de luz. &quot;Vendr\u00eda mejor un cambio de horario&quot;, sostuvo el l\u00edder del PRO, quien explic\u00f3 que &quot;para la [&hellip;]<\/p>\n","protected":false},"author":2,"featured_media":16647,"comment_status":"open","ping_status":"open","sticky":false,"template":"","format":"standard","meta":{"_et_pb_use_builder":"","_et_pb_old_content":"","_et_gb_content_width":"","footnotes":""},"categories":[11,44],"tags":[],"class_list":["post-16646","post","type-post","status-publish","format-standard","has-post-thumbnail","hentry","category-ciudad","category-funcionarios-de-la-caba"],"_links":{"self":[{"href":"https:\/\/vocesdebaires.com.ar\/index.php\/wp-json\/wp\/v2\/posts\/16646"}],"collection":[{"href":"https:\/\/vocesdebaires.com.ar\/index.php\/wp-json\/wp\/v2\/posts"}],"about":[{"href":"https:\/\/vocesdebaires.com.ar\/index.php\/wp-json\/wp\/v2\/types\/post"}],"author":[{"embeddable":true,"href":"https:\/\/vocesdebaires.com.ar\/index.php\/wp-json\/wp\/v2\/users\/2"}],"replies":[{"embeddable":true,"href":"https:\/\/vocesdebaires.com.ar\/index.php\/wp-json\/wp\/v2\/comments?post=16646"}],"version-history":[{"count":0,"href":"https:\/\/vocesdebaires.com.ar\/index.php\/wp-json\/wp\/v2\/posts\/16646\/revisions"}],"wp:featuredmedia":[{"embeddable":true,"href":"https:\/\/vocesdebaires.com.ar\/index.php\/wp-json\/wp\/v2\/media\/16647"}],"wp:attachment":[{"href":"https:\/\/vocesdebaires.com.ar\/index.php\/wp-json\/wp\/v2\/media?parent=16646"}],"wp:term":[{"taxonomy":"category","embeddable":true,"href":"https:\/\/vocesdebaires.com.ar\/index.php\/wp-json\/wp\/v2\/categories?post=16646"},{"taxonomy":"post_tag","embeddable":true,"href":"https:\/\/vocesdebaires.com.ar\/index.php\/wp-json\/wp\/v2\/tags?post=16646"}],"curies":[{"name":"wp","href":"https:\/\/api.w.org\/{rel}","templated":true}]}}