{"id":1685,"date":"2020-07-17T03:00:00","date_gmt":"2020-07-17T06:00:00","guid":{"rendered":"http:\/\/vocesdebaires.com.ar\/wordpress\/index.php\/2020\/07\/17\/nueva-ley-para-promover-la-donacion-de-plasma\/"},"modified":"2020-07-17T03:00:00","modified_gmt":"2020-07-17T06:00:00","slug":"nueva-ley-para-promover-la-donacion-de-plasma","status":"publish","type":"post","link":"https:\/\/vocesdebaires.com.ar\/index.php\/2020\/07\/17\/nueva-ley-para-promover-la-donacion-de-plasma\/","title":{"rendered":"Nueva  ley para promover la donaci\u00f3n de plasma"},"content":{"rendered":"<p>Los legisladores de la Ciudad Aut\u00f3noma de Buenos Aires sancionaron ayer jueves una ley que declara \u201cde Inter\u00e9s Sanitario\u201d a la donaci\u00f3n de plasma de pacientes recuperados de Covid-19 \u201cpara fines de investigaci\u00f3n y para ser usado como potencial agente terap\u00e9utico en el tratamiento de esta enfermedad\u201d. La aprobaci\u00f3n de la norma -consensuada entre todos los bloques de la Legislatura porte\u00f1a- implica que el Gobierno porte\u00f1o deber\u00e1 desarrollar \u201cacciones para promover y apoyar los ensayos cl\u00ednicos que tengan por objeto evaluar la seguridad y eficacia del uso del plasma de pacientes recuperados, como as\u00ed tambi\u00e9n otras investigaciones cl\u00ednicas sobre Covid-19, fortaleciendo las \u00e1reas de promoci\u00f3n y gesti\u00f3n de la investigaci\u00f3n en salud para la red p\u00fablica de la Ciudad\u201d.<\/p>\n<p>El Ministerio de Salud deber\u00e1 arbitrar los medios para reglamentar un r\u00e9gimen de acceso al plasma para los efectores de salud (hospitales y equivalentes) pertenecientes al Gobierno de la CABA, \u201ca los fines de armonizar criterios de inclusi\u00f3n y exclusi\u00f3n, modalidad de administraci\u00f3n, dosis, control y distribuci\u00f3n de las unidades de plasma sangu\u00edneo donados\u201d. La ley estipula que se \u201cdeber\u00e1 llevar a cabo una campa\u00f1a de difusi\u00f3n por medios masivos y redes de comunicaci\u00f3n para brindar informaci\u00f3n adecuada a toda la poblaci\u00f3n sobre la donaci\u00f3n de plasma sangu\u00edneo, en relaci\u00f3n a procedimientos, metodolog\u00eda, derechos y riesgos posibles\u201d.<\/p>\n<p>A los efectos del cumplimiento de esta ley, se facult\u00f3 al Poder Ejecutivo a realizar las adecuaciones presupuestarias que correspondan. Tras la sanci\u00f3n de la norma por unanimidad de 57 legisladores presentes y una abstenci\u00f3n, el presidente de la Legislatura, el legislador Diego Santilli, expres\u00f3 que \u201ces importante concientizar y promover la donaci\u00f3n de plasma en todas aquellas personas que hayan contra\u00eddo Covid 19 y la importancia de este acto solidario para salvar miles de vidas\u201d. \u201cAgradecemos a nuestro personal de Salud, m\u00e9dicos y enfermeros, y a los donantes y pacientes recuperados, por ser parte de este proyecto tan humano. Cada donaci\u00f3n es important\u00edsima\u201d, enfatiz\u00f3 Santilli.<\/p>\n","protected":false},"excerpt":{"rendered":"<p>Los legisladores de la Ciudad Aut\u00f3noma de Buenos Aires sancionaron ayer jueves una ley que declara \u201cde Inter\u00e9s Sanitario\u201d a la donaci\u00f3n de plasma de pacientes recuperados de Covid-19 \u201cpara fines de investigaci\u00f3n y para ser usado como potencial agente terap\u00e9utico en el tratamiento de esta enfermedad\u201d. La aprobaci\u00f3n de la norma -consensuada entre todos [&hellip;]<\/p>\n","protected":false},"author":1,"featured_media":1686,"comment_status":"open","ping_status":"open","sticky":false,"template":"","format":"standard","meta":{"_et_pb_use_builder":"","_et_pb_old_content":"","_et_gb_content_width":"","footnotes":""},"categories":[11,33],"tags":[],"class_list":["post-1685","post","type-post","status-publish","format-standard","has-post-thumbnail","hentry","category-ciudad","category-sociedad-y-cultura-2"],"_links":{"self":[{"href":"https:\/\/vocesdebaires.com.ar\/index.php\/wp-json\/wp\/v2\/posts\/1685"}],"collection":[{"href":"https:\/\/vocesdebaires.com.ar\/index.php\/wp-json\/wp\/v2\/posts"}],"about":[{"href":"https:\/\/vocesdebaires.com.ar\/index.php\/wp-json\/wp\/v2\/types\/post"}],"author":[{"embeddable":true,"href":"https:\/\/vocesdebaires.com.ar\/index.php\/wp-json\/wp\/v2\/users\/1"}],"replies":[{"embeddable":true,"href":"https:\/\/vocesdebaires.com.ar\/index.php\/wp-json\/wp\/v2\/comments?post=1685"}],"version-history":[{"count":0,"href":"https:\/\/vocesdebaires.com.ar\/index.php\/wp-json\/wp\/v2\/posts\/1685\/revisions"}],"wp:featuredmedia":[{"embeddable":true,"href":"https:\/\/vocesdebaires.com.ar\/index.php\/wp-json\/wp\/v2\/media\/1686"}],"wp:attachment":[{"href":"https:\/\/vocesdebaires.com.ar\/index.php\/wp-json\/wp\/v2\/media?parent=1685"}],"wp:term":[{"taxonomy":"category","embeddable":true,"href":"https:\/\/vocesdebaires.com.ar\/index.php\/wp-json\/wp\/v2\/categories?post=1685"},{"taxonomy":"post_tag","embeddable":true,"href":"https:\/\/vocesdebaires.com.ar\/index.php\/wp-json\/wp\/v2\/tags?post=1685"}],"curies":[{"name":"wp","href":"https:\/\/api.w.org\/{rel}","templated":true}]}}