{"id":1699,"date":"2020-06-03T03:00:00","date_gmt":"2020-06-03T06:00:00","guid":{"rendered":"http:\/\/vocesdebaires.com.ar\/wordpress\/index.php\/2020\/06\/03\/anmat-suspendio-la-venta-de-medicamentos\/"},"modified":"2020-06-03T03:00:00","modified_gmt":"2020-06-03T06:00:00","slug":"anmat-suspendio-la-venta-de-medicamentos","status":"publish","type":"post","link":"https:\/\/vocesdebaires.com.ar\/index.php\/2020\/06\/03\/anmat-suspendio-la-venta-de-medicamentos\/","title":{"rendered":"ANMAT suspendi\u00f3 la venta de medicamentos"},"content":{"rendered":"<p>La Administraci\u00f3n Nacional de Medicamentos, Alimentos y Tecnolog\u00eda M\u00e9dica (ANMAT) suspendi\u00f3 de forma preventiva la comercializaci\u00f3n en todo el territorio nacional un ingrediente farmac\u00e9utico activo utilizado como anticonceptivo de emergencia y para el tratamiento de fibromas uterinos.El pasado\u00a0 lunes se public\u00f3 en el Bolet\u00edn Oficial la disposici\u00f3n 3416\/2020 el organismo suspendi\u00f3 de forma preventiva la venta de \u201ctodas las especialidades medicinales que contengan ULIPRISTAL como Ingrediente Farmac\u00e9utico Activo (IFA), en todas sus formas farmac\u00e9uticas, concentraciones y presentaciones, por los fundamentos expuestos en el considerando de la presente disposici\u00f3n, mientras se completa la revisi\u00f3n de seguridad del riesgo de da\u00f1o hep\u00e1tico\u201d.<\/p>\n<p>El acetato de ulipristal es un componente que se encuentra en las \u2018pastillas del d\u00eda despu\u00e9s\u2019 y en tratamientos para la reducci\u00f3n de biomas uterinos. Adem\u00e1s al ANMAT dispuso que \u201clos laboratorios titulares de certificados de especialidades medicinales que contengan ULIPRISTAL como Ingrediente Farmac\u00e9utico Activo (IFA) deber\u00e1n proceder al retiro del mercado de todas las unidades alcanzadas por la presente medida, en un plazo de 90 d\u00edas corridos a partir de la entrada en vigencia de la presente disposici\u00f3n, debiendo presentar ante el Instituto Nacional de Medicamentos la documentaci\u00f3n respaldatoria correspondiente\u201d. <a><\/a><\/p>\n","protected":false},"excerpt":{"rendered":"<p>La Administraci\u00f3n Nacional de Medicamentos, Alimentos y Tecnolog\u00eda M\u00e9dica (ANMAT) suspendi\u00f3 de forma preventiva la comercializaci\u00f3n en todo el territorio nacional un ingrediente farmac\u00e9utico activo utilizado como anticonceptivo de emergencia y para el tratamiento de fibromas uterinos.El pasado\u00a0 lunes se public\u00f3 en el Bolet\u00edn Oficial la disposici\u00f3n 3416\/2020 el organismo suspendi\u00f3 de forma preventiva la [&hellip;]<\/p>\n","protected":false},"author":1,"featured_media":1700,"comment_status":"open","ping_status":"open","sticky":false,"template":"","format":"standard","meta":{"_et_pb_use_builder":"","_et_pb_old_content":"","_et_gb_content_width":"","footnotes":""},"categories":[11,33],"tags":[],"class_list":["post-1699","post","type-post","status-publish","format-standard","has-post-thumbnail","hentry","category-ciudad","category-sociedad-y-cultura-2"],"_links":{"self":[{"href":"https:\/\/vocesdebaires.com.ar\/index.php\/wp-json\/wp\/v2\/posts\/1699"}],"collection":[{"href":"https:\/\/vocesdebaires.com.ar\/index.php\/wp-json\/wp\/v2\/posts"}],"about":[{"href":"https:\/\/vocesdebaires.com.ar\/index.php\/wp-json\/wp\/v2\/types\/post"}],"author":[{"embeddable":true,"href":"https:\/\/vocesdebaires.com.ar\/index.php\/wp-json\/wp\/v2\/users\/1"}],"replies":[{"embeddable":true,"href":"https:\/\/vocesdebaires.com.ar\/index.php\/wp-json\/wp\/v2\/comments?post=1699"}],"version-history":[{"count":0,"href":"https:\/\/vocesdebaires.com.ar\/index.php\/wp-json\/wp\/v2\/posts\/1699\/revisions"}],"wp:featuredmedia":[{"embeddable":true,"href":"https:\/\/vocesdebaires.com.ar\/index.php\/wp-json\/wp\/v2\/media\/1700"}],"wp:attachment":[{"href":"https:\/\/vocesdebaires.com.ar\/index.php\/wp-json\/wp\/v2\/media?parent=1699"}],"wp:term":[{"taxonomy":"category","embeddable":true,"href":"https:\/\/vocesdebaires.com.ar\/index.php\/wp-json\/wp\/v2\/categories?post=1699"},{"taxonomy":"post_tag","embeddable":true,"href":"https:\/\/vocesdebaires.com.ar\/index.php\/wp-json\/wp\/v2\/tags?post=1699"}],"curies":[{"name":"wp","href":"https:\/\/api.w.org\/{rel}","templated":true}]}}