{"id":1715,"date":"2020-06-02T03:00:00","date_gmt":"2020-06-02T06:00:00","guid":{"rendered":"http:\/\/vocesdebaires.com.ar\/wordpress\/index.php\/2020\/06\/02\/autorizan-mudanzas-en-la-provincia-de-buenos-aires\/"},"modified":"2020-06-02T03:00:00","modified_gmt":"2020-06-02T06:00:00","slug":"autorizan-mudanzas-en-la-provincia-de-buenos-aires","status":"publish","type":"post","link":"https:\/\/vocesdebaires.com.ar\/index.php\/2020\/06\/02\/autorizan-mudanzas-en-la-provincia-de-buenos-aires\/","title":{"rendered":"Autorizan mudanzas en la provincia de Buenos Aires"},"content":{"rendered":"<p>Los partidos de la provincia de Buenos Aires podr\u00e1n retomar las mudanzas, en medio de la cuarentena por coronavirus. En el \u00c1rea Metropolitana de Buenos Aires, sin embargo, ser\u00e1 con restricciones.El servicio de mudanzas ya estaba disponible en la Ciudad de Buenos Aires, con fletes y mini fletes durante los s\u00e1bados y domingos. Ahora, el servicio queda habilitado tambi\u00e9n en territorio bonaerense.<br \/>As\u00ed fue oficializado en una Decisi\u00f3n Administrativa de la Jefatura de Gabinete de la Naci\u00f3n publicada en el Bolet\u00edn Oficial. En los partidos del AMBA, las mudanzas solo podr\u00e1n concretarse dentro del mismo municipio.<\/p>\n<p>La restricci\u00f3n afecta a Almirante Brown, Avellaneda, Berazategui, Berisso, Brandsen, Campana, Ca\u00f1uelas, Ensenada, Escobar, Esteban Echeverr\u00eda, Exaltaci\u00f3n de la Cruz, Ezeiza, Florencio Varela, General Las Heras, General Rodr\u00edguez, General San Mart\u00edn, Hurlingham, Ituzaing\u00f3, Jos\u00e9 C. Paz, La Matanza, Lan\u00fas, La Plata, Lomas de Zamora, Luj\u00e1n, Marcos Paz, Malvinas Argentinas, Moreno, Merlo, Mor\u00f3n, Pilar, Presidente Per\u00f3n, Quilmes, San Fernando, San Isidro, San Miguel, San Vicente, Tigre, Tres de Febrero, Vicente L\u00f3pez y Z\u00e1rate. En Vicente L\u00f3pez y San Isidro, el servicio ya estaba vigente, con un formulario especial y los fines de semana entre las 8 y las 18. En el resto de los municipios bonaerenses, la actividad podr\u00e1 llevarse a cabo entre diferentes jurisdicciones, con una condici\u00f3n: que el traslado sea desde un partido sin circulaci\u00f3n local de COVID-19.<\/p>\n","protected":false},"excerpt":{"rendered":"<p>Los partidos de la provincia de Buenos Aires podr\u00e1n retomar las mudanzas, en medio de la cuarentena por coronavirus. En el \u00c1rea Metropolitana de Buenos Aires, sin embargo, ser\u00e1 con restricciones.El servicio de mudanzas ya estaba disponible en la Ciudad de Buenos Aires, con fletes y mini fletes durante los s\u00e1bados y domingos. Ahora, el [&hellip;]<\/p>\n","protected":false},"author":1,"featured_media":1716,"comment_status":"open","ping_status":"open","sticky":false,"template":"","format":"standard","meta":{"_et_pb_use_builder":"","_et_pb_old_content":"","_et_gb_content_width":"","footnotes":""},"categories":[34,13],"tags":[],"class_list":["post-1715","post","type-post","status-publish","format-standard","has-post-thumbnail","hentry","category-politica","category-provincia"],"_links":{"self":[{"href":"https:\/\/vocesdebaires.com.ar\/index.php\/wp-json\/wp\/v2\/posts\/1715"}],"collection":[{"href":"https:\/\/vocesdebaires.com.ar\/index.php\/wp-json\/wp\/v2\/posts"}],"about":[{"href":"https:\/\/vocesdebaires.com.ar\/index.php\/wp-json\/wp\/v2\/types\/post"}],"author":[{"embeddable":true,"href":"https:\/\/vocesdebaires.com.ar\/index.php\/wp-json\/wp\/v2\/users\/1"}],"replies":[{"embeddable":true,"href":"https:\/\/vocesdebaires.com.ar\/index.php\/wp-json\/wp\/v2\/comments?post=1715"}],"version-history":[{"count":0,"href":"https:\/\/vocesdebaires.com.ar\/index.php\/wp-json\/wp\/v2\/posts\/1715\/revisions"}],"wp:featuredmedia":[{"embeddable":true,"href":"https:\/\/vocesdebaires.com.ar\/index.php\/wp-json\/wp\/v2\/media\/1716"}],"wp:attachment":[{"href":"https:\/\/vocesdebaires.com.ar\/index.php\/wp-json\/wp\/v2\/media?parent=1715"}],"wp:term":[{"taxonomy":"category","embeddable":true,"href":"https:\/\/vocesdebaires.com.ar\/index.php\/wp-json\/wp\/v2\/categories?post=1715"},{"taxonomy":"post_tag","embeddable":true,"href":"https:\/\/vocesdebaires.com.ar\/index.php\/wp-json\/wp\/v2\/tags?post=1715"}],"curies":[{"name":"wp","href":"https:\/\/api.w.org\/{rel}","templated":true}]}}