{"id":17206,"date":"2013-02-28T20:28:23","date_gmt":"2013-02-28T23:28:23","guid":{"rendered":"http:\/\/vocesdebaires.com.ar\/wordpress\/index.php\/2013\/02\/28\/torneo-final-2013-eva-peron-fecha-4\/"},"modified":"2013-02-28T20:28:23","modified_gmt":"2013-02-28T23:28:23","slug":"torneo-final-2013-eva-peron-fecha-4","status":"publish","type":"post","link":"https:\/\/vocesdebaires.com.ar\/index.php\/2013\/02\/28\/torneo-final-2013-eva-peron-fecha-4\/","title":{"rendered":"Torneo Final 2013 &quot;Eva Per\u00f3n&quot; &#8211; fecha 4"},"content":{"rendered":"<p>Ma\u00f1ana, a las 19.10, se pondr\u00e1 en marcha una nueva fecha de Primera Divisi\u00f3n, con el encuentro entre Quilmes A.C.-Atl\u00e9tico de Rafaela. A su t\u00e9rmino, se medir\u00e1n Newell&#8217;s Old Boys-Belgrano de C\u00f3rdoba. El s\u00e1bado se jugar\u00e1n dos partidos, cinco el domingo y el lunes cierran V\u00e9lez Sarsfield-San Mart\u00edn de San Jua<br \/>\nLa 4a. fecha de Primera Divisi\u00f3n se jugar\u00e1 del siguiente modo:<br \/>\n\u00a0<br \/>\nViernes 1 de marzo<br \/>\n19.10&#8211; Quilmes A.C.-Atl\u00e9tico de Rafaela, \u00e1rbitro: Fernando Rapallini<br \/>\n21.15&#8211; Newell&#8217;s Old Boys-Belgrano de C\u00f3rdoba, \u00e1rbitro: Mauro Giannini<br \/>\n\u00a0<br \/>\n\u00a0<br \/>\nS\u00e1bado 2 de marzo<br \/>\n17.00&#8211; Col\u00f3n de Santa Fe-Estudiantes de La Plata, \u00e1rbitro: Pablo Lunati<br \/>\n20.15&#8211; Arsenal F. C. -Independiente, \u00e1rbitro: Mauro Vigliano<br \/>\n\u00a0<br \/>\n\u00a0<br \/>\nDomingo 3 de marzo<br \/>\n17.00&#8211; Godoy Cruz Antonio Tomba-Argentinos Juniors, \u00e1rbitro: Carlos Maglio \u00a0(en estadio de Mendoza)<br \/>\n17.00&#8211; San Lorenzo de Almagro-River Plate, \u00e1rbitro: Germ\u00e1n Delfino<br \/>\n17.00&#8211; Tigre-All Boys, \u00e1rbitro: Silvio Trucco<br \/>\n19.10&#8211; Racing Club-Lan\u00fas, \u00e1rbitro: Diego Ceballos<br \/>\n20.15&#8211; Boca Juniors-Uni\u00f3n de Santa Fe, \u00e1rbitro: N\u00e9stor Pitana<br \/>\n\u00a0<br \/>\nLunes 4 de marzo<br \/>\n21.15&#8211; V\u00e9lez Sarsfield-San Mart\u00edn de San Juan, \u00e1rbitro: Diego Abal<br \/>\n\u00a0<\/p>\n","protected":false},"excerpt":{"rendered":"<p>Ma\u00f1ana, a las 19.10, se pondr\u00e1 en marcha una nueva fecha de Primera Divisi\u00f3n, con el encuentro entre Quilmes A.C.-Atl\u00e9tico de Rafaela. A su t\u00e9rmino, se medir\u00e1n Newell&#8217;s Old Boys-Belgrano de C\u00f3rdoba. El s\u00e1bado se jugar\u00e1n dos partidos, cinco el domingo y el lunes cierran V\u00e9lez Sarsfield-San Mart\u00edn de San Jua La 4a. fecha de [&hellip;]<\/p>\n","protected":false},"author":2,"featured_media":17207,"comment_status":"open","ping_status":"open","sticky":false,"template":"","format":"standard","meta":{"_et_pb_use_builder":"","_et_pb_old_content":"","_et_gb_content_width":"","footnotes":""},"categories":[39,14],"tags":[],"class_list":["post-17206","post","type-post","status-publish","format-standard","has-post-thumbnail","hentry","category-1o-division-a","category-deportes"],"_links":{"self":[{"href":"https:\/\/vocesdebaires.com.ar\/index.php\/wp-json\/wp\/v2\/posts\/17206"}],"collection":[{"href":"https:\/\/vocesdebaires.com.ar\/index.php\/wp-json\/wp\/v2\/posts"}],"about":[{"href":"https:\/\/vocesdebaires.com.ar\/index.php\/wp-json\/wp\/v2\/types\/post"}],"author":[{"embeddable":true,"href":"https:\/\/vocesdebaires.com.ar\/index.php\/wp-json\/wp\/v2\/users\/2"}],"replies":[{"embeddable":true,"href":"https:\/\/vocesdebaires.com.ar\/index.php\/wp-json\/wp\/v2\/comments?post=17206"}],"version-history":[{"count":0,"href":"https:\/\/vocesdebaires.com.ar\/index.php\/wp-json\/wp\/v2\/posts\/17206\/revisions"}],"wp:featuredmedia":[{"embeddable":true,"href":"https:\/\/vocesdebaires.com.ar\/index.php\/wp-json\/wp\/v2\/media\/17207"}],"wp:attachment":[{"href":"https:\/\/vocesdebaires.com.ar\/index.php\/wp-json\/wp\/v2\/media?parent=17206"}],"wp:term":[{"taxonomy":"category","embeddable":true,"href":"https:\/\/vocesdebaires.com.ar\/index.php\/wp-json\/wp\/v2\/categories?post=17206"},{"taxonomy":"post_tag","embeddable":true,"href":"https:\/\/vocesdebaires.com.ar\/index.php\/wp-json\/wp\/v2\/tags?post=17206"}],"curies":[{"name":"wp","href":"https:\/\/api.w.org\/{rel}","templated":true}]}}