{"id":17212,"date":"2013-02-28T20:45:16","date_gmt":"2013-02-28T23:45:16","guid":{"rendered":"http:\/\/vocesdebaires.com.ar\/wordpress\/index.php\/2013\/02\/28\/arbitros-para-los-partidos-de-argentina-ante-venezuela-bolivia\/"},"modified":"2013-02-28T20:45:16","modified_gmt":"2013-02-28T23:45:16","slug":"arbitros-para-los-partidos-de-argentina-ante-venezuela-bolivia","status":"publish","type":"post","link":"https:\/\/vocesdebaires.com.ar\/index.php\/2013\/02\/28\/arbitros-para-los-partidos-de-argentina-ante-venezuela-bolivia\/","title":{"rendered":"\u00c1rbitros para los partidos de Argentina ante Venezuela, Bolivia"},"content":{"rendered":"<p>La FIFA dio a conocer los jueces que conducir\u00e1n los partidos entre Argentina-Venezuela y Bolivia-Argentina, correspondientes a la 11a. y 12a. fecha de la Eliminatorias Mundial de la FIFA Brasil 2014.<br \/>\n\u00a0<br \/>\nArgentina vs. Venezuela<br \/>\nCiudad \/ fecha \/ hora: Buenos Aires, Estadio Antonio V. Liberti \/ Viernes 22.03.2013 \/ 21.00<br \/>\n\u00c1rbitro: V\u00edctor Carrillo (Per\u00fa)<br \/>\n\u00c1rbitro asistente 1: Jonny Bossio (Per\u00fa)<br \/>\n\u00c1rbitro asistente 2: Ra\u00fal L\u00f3pez (Per\u00fa)<br \/>\n4\u00ba \u00e1rbitro: Manuel Garay (Per\u00fa)<br \/>\n\u00a0<br \/>\nBolivia vs. Argentina<br \/>\nCiudad \/ fecha \/ hora: La Paz, Estadio Hernando Siles \/ Martes 26.03.2013 \/ 17.00 (hora Argentina)<br \/>\n\u00c1rbitro: Enrique Osses (Chile)<br \/>\n\u00c1rbitro asistente 1: Francisco Mondria (Chile)<br \/>\n\u00c1rbitro asistente 2: Carlos Astroza (Chile)<br \/>\n4\u00ba \u00e1rbitro: Julio Bascu\u00f1an (Chile)<br \/>\n\u00a0<\/p>\n","protected":false},"excerpt":{"rendered":"<p>La FIFA dio a conocer los jueces que conducir\u00e1n los partidos entre Argentina-Venezuela y Bolivia-Argentina, correspondientes a la 11a. y 12a. fecha de la Eliminatorias Mundial de la FIFA Brasil 2014. \u00a0 Argentina vs. Venezuela Ciudad \/ fecha \/ hora: Buenos Aires, Estadio Antonio V. Liberti \/ Viernes 22.03.2013 \/ 21.00 \u00c1rbitro: V\u00edctor Carrillo (Per\u00fa) [&hellip;]<\/p>\n","protected":false},"author":2,"featured_media":17213,"comment_status":"open","ping_status":"open","sticky":false,"template":"","format":"standard","meta":{"_et_pb_use_builder":"","_et_pb_old_content":"","_et_gb_content_width":"","footnotes":""},"categories":[14,50],"tags":[],"class_list":["post-17212","post","type-post","status-publish","format-standard","has-post-thumbnail","hentry","category-deportes","category-futbol-internacional-2"],"_links":{"self":[{"href":"https:\/\/vocesdebaires.com.ar\/index.php\/wp-json\/wp\/v2\/posts\/17212"}],"collection":[{"href":"https:\/\/vocesdebaires.com.ar\/index.php\/wp-json\/wp\/v2\/posts"}],"about":[{"href":"https:\/\/vocesdebaires.com.ar\/index.php\/wp-json\/wp\/v2\/types\/post"}],"author":[{"embeddable":true,"href":"https:\/\/vocesdebaires.com.ar\/index.php\/wp-json\/wp\/v2\/users\/2"}],"replies":[{"embeddable":true,"href":"https:\/\/vocesdebaires.com.ar\/index.php\/wp-json\/wp\/v2\/comments?post=17212"}],"version-history":[{"count":0,"href":"https:\/\/vocesdebaires.com.ar\/index.php\/wp-json\/wp\/v2\/posts\/17212\/revisions"}],"wp:featuredmedia":[{"embeddable":true,"href":"https:\/\/vocesdebaires.com.ar\/index.php\/wp-json\/wp\/v2\/media\/17213"}],"wp:attachment":[{"href":"https:\/\/vocesdebaires.com.ar\/index.php\/wp-json\/wp\/v2\/media?parent=17212"}],"wp:term":[{"taxonomy":"category","embeddable":true,"href":"https:\/\/vocesdebaires.com.ar\/index.php\/wp-json\/wp\/v2\/categories?post=17212"},{"taxonomy":"post_tag","embeddable":true,"href":"https:\/\/vocesdebaires.com.ar\/index.php\/wp-json\/wp\/v2\/tags?post=17212"}],"curies":[{"name":"wp","href":"https:\/\/api.w.org\/{rel}","templated":true}]}}