{"id":17214,"date":"2013-02-28T20:55:29","date_gmt":"2013-02-28T23:55:29","guid":{"rendered":"http:\/\/vocesdebaires.com.ar\/wordpress\/index.php\/2013\/02\/28\/primera-c-se-pondra-en-marcha-con-dos-encuentros\/"},"modified":"2013-02-28T20:55:29","modified_gmt":"2013-02-28T23:55:29","slug":"primera-c-se-pondra-en-marcha-con-dos-encuentros","status":"publish","type":"post","link":"https:\/\/vocesdebaires.com.ar\/index.php\/2013\/02\/28\/primera-c-se-pondra-en-marcha-con-dos-encuentros\/","title":{"rendered":"Primera C se pondr\u00e1 en marcha con dos encuentros"},"content":{"rendered":"<p>Ma\u00f1ana, a las 17 y con los partidos Dock Sud-Luj\u00e1n y Berazategui-Excursionistas, empezar\u00e1 a jugarse la 25a. fecha de Primera C. La misma seguir\u00e1 disput\u00e1ndose el s\u00e1bado con cinco encuentros, uno el domingo y dos el lunes en la \u00faltima jornada.<br \/>\nLa 25a. fecha de Primera Divisi\u00f3n C se disputar\u00e1 de la siguiente manera:<br \/>\nViernes 1 de marzo<br \/>\n17.00&#8211; Dock Sud-Luj\u00e1n, \u00e1rbitro: Sebasti\u00e1n Bresba<br \/>\n17.00&#8211; Berazategui-Excursionistas, \u00e1rbitro: Diego Colombo (en Villa San Carlos)<br \/>\nS\u00e1bado 2 de marzo<br \/>\n17.00&#8211; Argentino de Merlo-San Miguel, \u00e1rbitro: Cristian Ben\u00edtez<br \/>\n17.00&#8211; Social Espa\u00f1ol-Sportivo Italiano, \u00e1rbitro: Ignacio Lupani<br \/>\n17.00&#8211; Gral. Lamadrid-F. C. Midland, \u00e1rbitro: Cristian Su\u00e1rez<br \/>\n17.00&#8211; Deportivo Laferrere-Sacachispas F.C. , \u00e1rbitro: \u00a0Pablo Gim\u00e9nez<br \/>\n21.00&#8211; F\u00e9nix-Defensores de Cambaceres, \u00e1rbitro: Rodrigo Pafundi<br \/>\nDomingo 3 de marzo<br \/>\n17.00&#8211; Liniers-El Porvenir, \u00e1rbitro: Ariel Penel<br \/>\n\u00a0<br \/>\n\u00a0<br \/>\nLunes 4 de marzo<br \/>\n17.00&#8211; UAI Urquiza vs. J.J. de Urquiza, \u00e1rbitro: Hern\u00e1n Mastr\u00e1ngelo<br \/>\n17.00&#8211; Talleres (R.E.)-Defensores Unidos, \u00e1rbitro: Cristian Cernadas<br \/>\n\u00a0<\/p>\n","protected":false},"excerpt":{"rendered":"<p>Ma\u00f1ana, a las 17 y con los partidos Dock Sud-Luj\u00e1n y Berazategui-Excursionistas, empezar\u00e1 a jugarse la 25a. fecha de Primera C. La misma seguir\u00e1 disput\u00e1ndose el s\u00e1bado con cinco encuentros, uno el domingo y dos el lunes en la \u00faltima jornada. La 25a. fecha de Primera Divisi\u00f3n C se disputar\u00e1 de la siguiente manera: Viernes [&hellip;]<\/p>\n","protected":false},"author":2,"featured_media":17215,"comment_status":"open","ping_status":"open","sticky":false,"template":"","format":"standard","meta":{"_et_pb_use_builder":"","_et_pb_old_content":"","_et_gb_content_width":"","footnotes":""},"categories":[54,14],"tags":[],"class_list":["post-17214","post","type-post","status-publish","format-standard","has-post-thumbnail","hentry","category-1o-division-c","category-deportes"],"_links":{"self":[{"href":"https:\/\/vocesdebaires.com.ar\/index.php\/wp-json\/wp\/v2\/posts\/17214"}],"collection":[{"href":"https:\/\/vocesdebaires.com.ar\/index.php\/wp-json\/wp\/v2\/posts"}],"about":[{"href":"https:\/\/vocesdebaires.com.ar\/index.php\/wp-json\/wp\/v2\/types\/post"}],"author":[{"embeddable":true,"href":"https:\/\/vocesdebaires.com.ar\/index.php\/wp-json\/wp\/v2\/users\/2"}],"replies":[{"embeddable":true,"href":"https:\/\/vocesdebaires.com.ar\/index.php\/wp-json\/wp\/v2\/comments?post=17214"}],"version-history":[{"count":0,"href":"https:\/\/vocesdebaires.com.ar\/index.php\/wp-json\/wp\/v2\/posts\/17214\/revisions"}],"wp:featuredmedia":[{"embeddable":true,"href":"https:\/\/vocesdebaires.com.ar\/index.php\/wp-json\/wp\/v2\/media\/17215"}],"wp:attachment":[{"href":"https:\/\/vocesdebaires.com.ar\/index.php\/wp-json\/wp\/v2\/media?parent=17214"}],"wp:term":[{"taxonomy":"category","embeddable":true,"href":"https:\/\/vocesdebaires.com.ar\/index.php\/wp-json\/wp\/v2\/categories?post=17214"},{"taxonomy":"post_tag","embeddable":true,"href":"https:\/\/vocesdebaires.com.ar\/index.php\/wp-json\/wp\/v2\/tags?post=17214"}],"curies":[{"name":"wp","href":"https:\/\/api.w.org\/{rel}","templated":true}]}}