{"id":17216,"date":"2013-02-28T20:59:28","date_gmt":"2013-02-28T23:59:28","guid":{"rendered":"http:\/\/vocesdebaires.com.ar\/wordpress\/index.php\/2013\/02\/28\/primera-d-lugano-atlas-y-l-n-alem-muniz\/"},"modified":"2013-02-28T20:59:28","modified_gmt":"2013-02-28T23:59:28","slug":"primera-d-lugano-atlas-y-l-n-alem-muniz","status":"publish","type":"post","link":"https:\/\/vocesdebaires.com.ar\/index.php\/2013\/02\/28\/primera-d-lugano-atlas-y-l-n-alem-muniz\/","title":{"rendered":"Primera D: Lugano-Atlas y L.N. Alem-Mu\u00f1\u00edz"},"content":{"rendered":"<p>Por la 22a. fecha de Primera D, este s\u00e1bado desde las 17, se enfrentar\u00e1n Lugano-Atlas y L.N. Alem-Mu\u00f1\u00edz. En tanto, el domingo se disputar\u00e1n cuatro cotejos y otros tres el lunes.<br \/>\nPrimera Divisi\u00f3n D tendr\u00e1 el siguiente cronograma de partidos:<br \/>\nS\u00e1bado 2 de marzo<br \/>\n17.00&#8211; Lugano-Atlas, \u00e1rbitro: \u00a0Mariano Seco<br \/>\n17.00&#8211; L.N. Alem-Mu\u00f1iz, \u00e1rbitro: Sebasti\u00e1n Zunino<br \/>\n\u00a0<br \/>\n\u00a0<br \/>\nDomingo 3 de marzo<br \/>\n17.00&#8211; Juventud Unida-San Mart\u00edn de Burzaco, \u00e1rbitro: Rodrigo Sabini<br \/>\n17.00&#8211; Ituzaing\u00f3-Puerto Nuevo, \u00e1rbitro: Dami\u00e1n Rubino<br \/>\n17.00&#8211; Argentino (Ros.)-Central Ballester, \u00e1rbitro: Mariano Negrete<br \/>\n17.00&#8211; Claypole-Deportivo Riestra, \u00e1rbitro: Lucas Comesa\u00f1a<br \/>\n\u00a0<br \/>\n\u00a0<br \/>\nLunes 4 de marzo<br \/>\n17.00&#8211; Recreativo Espa\u00f1ol-Yupanqui, \u00e1rbitro: Juan Pafundi (en Social Espa\u00f1ol)<br \/>\n17.00&#8211; Victoriano Arenas-Argentino de Quilmes, \u00e1rbitro: Edgardo Kopanchuk<br \/>\n17.00&#8211; Deportivo Paraguayo-Ca\u00f1uelas F.C., \u00e1rbitro: Ariel Rold\u00e1n \u00a0(en Liniers)<br \/>\n\u00a0<\/p>\n","protected":false},"excerpt":{"rendered":"<p>Por la 22a. fecha de Primera D, este s\u00e1bado desde las 17, se enfrentar\u00e1n Lugano-Atlas y L.N. Alem-Mu\u00f1\u00edz. En tanto, el domingo se disputar\u00e1n cuatro cotejos y otros tres el lunes. Primera Divisi\u00f3n D tendr\u00e1 el siguiente cronograma de partidos: S\u00e1bado 2 de marzo 17.00&#8211; Lugano-Atlas, \u00e1rbitro: \u00a0Mariano Seco 17.00&#8211; L.N. Alem-Mu\u00f1iz, \u00e1rbitro: Sebasti\u00e1n Zunino [&hellip;]<\/p>\n","protected":false},"author":2,"featured_media":17217,"comment_status":"open","ping_status":"open","sticky":false,"template":"","format":"standard","meta":{"_et_pb_use_builder":"","_et_pb_old_content":"","_et_gb_content_width":"","footnotes":""},"categories":[55,14],"tags":[],"class_list":["post-17216","post","type-post","status-publish","format-standard","has-post-thumbnail","hentry","category-1o-division-d","category-deportes"],"_links":{"self":[{"href":"https:\/\/vocesdebaires.com.ar\/index.php\/wp-json\/wp\/v2\/posts\/17216"}],"collection":[{"href":"https:\/\/vocesdebaires.com.ar\/index.php\/wp-json\/wp\/v2\/posts"}],"about":[{"href":"https:\/\/vocesdebaires.com.ar\/index.php\/wp-json\/wp\/v2\/types\/post"}],"author":[{"embeddable":true,"href":"https:\/\/vocesdebaires.com.ar\/index.php\/wp-json\/wp\/v2\/users\/2"}],"replies":[{"embeddable":true,"href":"https:\/\/vocesdebaires.com.ar\/index.php\/wp-json\/wp\/v2\/comments?post=17216"}],"version-history":[{"count":0,"href":"https:\/\/vocesdebaires.com.ar\/index.php\/wp-json\/wp\/v2\/posts\/17216\/revisions"}],"wp:featuredmedia":[{"embeddable":true,"href":"https:\/\/vocesdebaires.com.ar\/index.php\/wp-json\/wp\/v2\/media\/17217"}],"wp:attachment":[{"href":"https:\/\/vocesdebaires.com.ar\/index.php\/wp-json\/wp\/v2\/media?parent=17216"}],"wp:term":[{"taxonomy":"category","embeddable":true,"href":"https:\/\/vocesdebaires.com.ar\/index.php\/wp-json\/wp\/v2\/categories?post=17216"},{"taxonomy":"post_tag","embeddable":true,"href":"https:\/\/vocesdebaires.com.ar\/index.php\/wp-json\/wp\/v2\/tags?post=17216"}],"curies":[{"name":"wp","href":"https:\/\/api.w.org\/{rel}","templated":true}]}}