{"id":17528,"date":"2013-08-02T19:07:54","date_gmt":"2013-08-02T22:07:54","guid":{"rendered":"http:\/\/vocesdebaires.com.ar\/wordpress\/index.php\/2013\/08\/02\/estamos-mejor-de-lo-que-pensabamos\/"},"modified":"2013-08-02T19:07:54","modified_gmt":"2013-08-02T22:07:54","slug":"estamos-mejor-de-lo-que-pensabamos","status":"publish","type":"post","link":"https:\/\/vocesdebaires.com.ar\/index.php\/2013\/08\/02\/estamos-mejor-de-lo-que-pensabamos\/","title":{"rendered":"Estamos mejor de lo que pens\u00e1bamos"},"content":{"rendered":"<p>\u00a0<br \/>\n\u201cL\u00f3gicamente, somos candidatos, como le pas\u00f3 a River: a los grandes que les toca esta categor\u00eda tienen el desaf\u00edo de volver r\u00e1pidamente\u201d. Independiente carga una mochila pesada. No s\u00f3lo atravesar\u00e1 su propia temporada en el infierno, sino que tiene la t\u00e1cita obligaci\u00f3n de subir en la primera oportunidad que se le presente. O sea, dentro de doce meses. Pero queda mucho camino por delante, ya que ma\u00f1ana a las 16.10 recibir\u00e1 a Brown de Adrogu\u00e9 por la primera fecha de la B Nacional. \u201cSer\u00e1 un desaf\u00edo importante. Estamos bien, mejor de lo que pod\u00edamos suponer\u201d, asegur\u00f3 ayer Miguel Brindisi.<br \/>\n La prueba no solo ser\u00e1 para Independiente. Para los rivales, enfrentar al Rojo tendr\u00e1 un sabor especial. \u201cVan a ser contragolpeadores, con salida r\u00e1pida, cerrando espacios y jugando con nuestra desesperaci\u00f3n\u201d, pronostic\u00f3 el entrenador, que cree que Brown ser\u00e1 la excepci\u00f3n: \u201cEllos son el mejor equipo en cuanto a la intenci\u00f3n futbol\u00edstica, con un buen nivel de jugadores\u201d. Por otro lado, Facundo Parra est\u00e1 muy cerca de regresar a la instituci\u00f3n. \u00bfLa mala? La dirigencia trabajaba anoche para que Agremiados aceptara cobrar en cuotas la deuda de 8 millones de pesos. Si el sindicato no acepta el ofrecimiento, Miguel no podr\u00e1 contar con Razzotti, Zapata, Penco y Men\u00e9ndez, los refuerzos que est\u00e1n anunciados como titulares para ma\u00f1ana.<br \/>\n\u00a0<\/p>\n","protected":false},"excerpt":{"rendered":"<p>\u00a0 \u201cL\u00f3gicamente, somos candidatos, como le pas\u00f3 a River: a los grandes que les toca esta categor\u00eda tienen el desaf\u00edo de volver r\u00e1pidamente\u201d. Independiente carga una mochila pesada. No s\u00f3lo atravesar\u00e1 su propia temporada en el infierno, sino que tiene la t\u00e1cita obligaci\u00f3n de subir en la primera oportunidad que se le presente. O sea, [&hellip;]<\/p>\n","protected":false},"author":2,"featured_media":17529,"comment_status":"open","ping_status":"open","sticky":false,"template":"","format":"standard","meta":{"_et_pb_use_builder":"","_et_pb_old_content":"","_et_gb_content_width":"","footnotes":""},"categories":[47,14],"tags":[],"class_list":["post-17528","post","type-post","status-publish","format-standard","has-post-thumbnail","hentry","category-1o-division-b-nacional","category-deportes"],"_links":{"self":[{"href":"https:\/\/vocesdebaires.com.ar\/index.php\/wp-json\/wp\/v2\/posts\/17528"}],"collection":[{"href":"https:\/\/vocesdebaires.com.ar\/index.php\/wp-json\/wp\/v2\/posts"}],"about":[{"href":"https:\/\/vocesdebaires.com.ar\/index.php\/wp-json\/wp\/v2\/types\/post"}],"author":[{"embeddable":true,"href":"https:\/\/vocesdebaires.com.ar\/index.php\/wp-json\/wp\/v2\/users\/2"}],"replies":[{"embeddable":true,"href":"https:\/\/vocesdebaires.com.ar\/index.php\/wp-json\/wp\/v2\/comments?post=17528"}],"version-history":[{"count":0,"href":"https:\/\/vocesdebaires.com.ar\/index.php\/wp-json\/wp\/v2\/posts\/17528\/revisions"}],"wp:featuredmedia":[{"embeddable":true,"href":"https:\/\/vocesdebaires.com.ar\/index.php\/wp-json\/wp\/v2\/media\/17529"}],"wp:attachment":[{"href":"https:\/\/vocesdebaires.com.ar\/index.php\/wp-json\/wp\/v2\/media?parent=17528"}],"wp:term":[{"taxonomy":"category","embeddable":true,"href":"https:\/\/vocesdebaires.com.ar\/index.php\/wp-json\/wp\/v2\/categories?post=17528"},{"taxonomy":"post_tag","embeddable":true,"href":"https:\/\/vocesdebaires.com.ar\/index.php\/wp-json\/wp\/v2\/tags?post=17528"}],"curies":[{"name":"wp","href":"https:\/\/api.w.org\/{rel}","templated":true}]}}