{"id":17532,"date":"2013-08-02T19:23:50","date_gmt":"2013-08-02T22:23:50","guid":{"rendered":"http:\/\/vocesdebaires.com.ar\/wordpress\/index.php\/2013\/08\/02\/monaco-lucho-y-tuvo-su-premio\/"},"modified":"2013-08-02T19:23:50","modified_gmt":"2013-08-02T22:23:50","slug":"monaco-lucho-y-tuvo-su-premio","status":"publish","type":"post","link":"https:\/\/vocesdebaires.com.ar\/index.php\/2013\/08\/02\/monaco-lucho-y-tuvo-su-premio\/","title":{"rendered":"M\u00f3naco luch\u00f3 y tuvo su premio"},"content":{"rendered":"<p>\u00a0<br \/>\nUn triunfo con \u201cpico\u201d y pala. Juan M\u00f3naco alcanz\u00f3 hoy la final del ATP 250 de Kitzb\u00fchel, en Austria, tras derrotar en un duro partido al espa\u00f1ol Albert Monta\u00f1\u00e9s por 7-6 y 7-5, en una hora y 50 minutos de juego. En la instancia decisiva del certamen que ya gan\u00f3 en 2007, el argentino n\u00famero 31 del mundo se medir\u00e1 con otro tenista espa\u00f1ol, Marcel Granollers, quien super\u00f3 en semifinales al holand\u00e9s Robin Haase, con parciales de 7-6, 3-6 y 6-4. M\u00f3naco ir\u00e1 entonces en busca del segundo t\u00edtulo del a\u00f1o tras imponerse en el mes de mayo en D\u00fcsseldorf, Alemania, y de la novena conquista ATP de su carrera.<br \/>\n El tandilense, segundo preclasificado en Kitzb\u00fchel y quien gracias a ello comenz\u00f3 el torneo en la segunda ronda, ven\u00eda de eliminar al local Andreas Haider Maurer y al espa\u00f1ol Daniel Gimeno Traver. As\u00ed lleg\u00f3 al duelo contra Monta\u00f1\u00e9s, quien hab\u00eda dejado en el camino a los rumanos Adrian Ungur y Victor Hanescu, y al austr\u00edaco Dominic Thiem. Un quiebre por lado llev\u00f3 el primer set al tie break, donde el argentino fue m\u00e1s efectivo y se qued\u00f3 con el parcial. En el segundo, M\u00f3naco se adelant\u00f3 5-2 y qued\u00f3 ante la chance de pasar a la final, pero el espa\u00f1ol se recuper\u00f3 y empat\u00f3 el parcial en 5. Sin embargo, el tandilense quebr\u00f3 en el und\u00e9cimo juego el servicio del espa\u00f1ol y luego cerr\u00f3 el partido con su saque. De esa forma, qued\u00f3 ante una inmejorable posibilidad de reconquistar el t\u00edtulo de Kiztb\u00fchel, certamen que se juega sobre polvo de ladrillo y reparte 410.200 euros en premios.<\/p>\n","protected":false},"excerpt":{"rendered":"<p>\u00a0 Un triunfo con \u201cpico\u201d y pala. Juan M\u00f3naco alcanz\u00f3 hoy la final del ATP 250 de Kitzb\u00fchel, en Austria, tras derrotar en un duro partido al espa\u00f1ol Albert Monta\u00f1\u00e9s por 7-6 y 7-5, en una hora y 50 minutos de juego. En la instancia decisiva del certamen que ya gan\u00f3 en 2007, el argentino [&hellip;]<\/p>\n","protected":false},"author":2,"featured_media":17533,"comment_status":"open","ping_status":"open","sticky":false,"template":"","format":"standard","meta":{"_et_pb_use_builder":"","_et_pb_old_content":"","_et_gb_content_width":"","footnotes":""},"categories":[14,51],"tags":[],"class_list":["post-17532","post","type-post","status-publish","format-standard","has-post-thumbnail","hentry","category-deportes","category-tenis"],"_links":{"self":[{"href":"https:\/\/vocesdebaires.com.ar\/index.php\/wp-json\/wp\/v2\/posts\/17532"}],"collection":[{"href":"https:\/\/vocesdebaires.com.ar\/index.php\/wp-json\/wp\/v2\/posts"}],"about":[{"href":"https:\/\/vocesdebaires.com.ar\/index.php\/wp-json\/wp\/v2\/types\/post"}],"author":[{"embeddable":true,"href":"https:\/\/vocesdebaires.com.ar\/index.php\/wp-json\/wp\/v2\/users\/2"}],"replies":[{"embeddable":true,"href":"https:\/\/vocesdebaires.com.ar\/index.php\/wp-json\/wp\/v2\/comments?post=17532"}],"version-history":[{"count":0,"href":"https:\/\/vocesdebaires.com.ar\/index.php\/wp-json\/wp\/v2\/posts\/17532\/revisions"}],"wp:featuredmedia":[{"embeddable":true,"href":"https:\/\/vocesdebaires.com.ar\/index.php\/wp-json\/wp\/v2\/media\/17533"}],"wp:attachment":[{"href":"https:\/\/vocesdebaires.com.ar\/index.php\/wp-json\/wp\/v2\/media?parent=17532"}],"wp:term":[{"taxonomy":"category","embeddable":true,"href":"https:\/\/vocesdebaires.com.ar\/index.php\/wp-json\/wp\/v2\/categories?post=17532"},{"taxonomy":"post_tag","embeddable":true,"href":"https:\/\/vocesdebaires.com.ar\/index.php\/wp-json\/wp\/v2\/tags?post=17532"}],"curies":[{"name":"wp","href":"https:\/\/api.w.org\/{rel}","templated":true}]}}