{"id":17534,"date":"2013-08-02T19:27:38","date_gmt":"2013-08-02T22:27:38","guid":{"rendered":"http:\/\/vocesdebaires.com.ar\/wordpress\/index.php\/2013\/08\/02\/lista-de-convocados-para-el-partido-con-italia\/"},"modified":"2013-08-02T19:27:38","modified_gmt":"2013-08-02T22:27:38","slug":"lista-de-convocados-para-el-partido-con-italia","status":"publish","type":"post","link":"https:\/\/vocesdebaires.com.ar\/index.php\/2013\/08\/02\/lista-de-convocados-para-el-partido-con-italia\/","title":{"rendered":"Lista de convocados para el partido con Italia"},"content":{"rendered":"<p>\u00a0<br \/>\nEl director t\u00e9cnico de la Selecci\u00f3n Nacional, Alejandro Sabella, dio a conocer la n\u00f3mina de jugadores que act\u00faan en instituciones del exterior, para afrontar el partido contra Italia, programado para el 14 de agosto venidero, en el estadio Ol\u00edmpico de Roma.<br \/>\n Los jugadores citados por el director t\u00e9cnico Alejandro Sabella son los siguientes:<br \/>\n Messi, Lionel \u2013 Barcelona (Espa\u00f1a)<br \/>\n Mascherano, Javier \u2013 Barcelona (Espa\u00f1a)<br \/>\n Di Mar\u00eda, \u00c1ngel \u2013 Real Madrid (Espa\u00f1a)<br \/>\n Banega, Ever \u2013 Valencia (Espa\u00f1a)<br \/>\n Fern\u00e1ndez, Augusto \u2013 Celta de Vigo (Espa\u00f1a)<br \/>\n Ustari, Oscar \u2013 Almer\u00eda (Espa\u00f1a)<br \/>\n Romero, Sergio \u2013 Sampdoria (Italia)<br \/>\n And\u00fajar, Mariano \u2013 Catania (Italia)<br \/>\n Campagnaro, Hugo \u2013 Internazionale (Italia)<br \/>\n Palacio, Rodrigo \u2013 Internazionale (Italia)<br \/>\n \u00c1lvarez, Ricardo \u2013 Internazionale (Italia)<br \/>\n Higua\u00edn, Gonzalo \u2013 N\u00e1poli (Italia)<br \/>\n Fern\u00e1ndez, Federico \u2013 N\u00e1poli (Italia)<br \/>\n Biglia, Lucas \u2013 Lazio (Italia)<br \/>\n Lamela, Erik \u2013 Roma (Italia)<br \/>\n Garay, Ezequiel \u2013 Benfica (Portugal)<br \/>\n Rojo, Marcos \u2013 Sporting (Portugal)<br \/>\n Lavezzi, Ezequiel \u2013 Paris Saint Germain (Francia)<br \/>\n Zabaleta, Pablo \u2013 Manchester City (Inglaterra)<br \/>\n Coloccini, Fabricio \u2013 Newcastle \u00a0(Inglaterra)<br \/>\n Ansaldi, Cristian \u2013 Rubin Kazan (Rusia)<br \/>\n Basanta, Jos\u00e9 \u2013 Monterrey (M\u00e9xico)<br \/>\n Nota: Esta lista puede modificarse en el curso de los pr\u00f3ximos d\u00edas.<br \/>\n\u00a0<\/p>\n","protected":false},"excerpt":{"rendered":"<p>\u00a0 El director t\u00e9cnico de la Selecci\u00f3n Nacional, Alejandro Sabella, dio a conocer la n\u00f3mina de jugadores que act\u00faan en instituciones del exterior, para afrontar el partido contra Italia, programado para el 14 de agosto venidero, en el estadio Ol\u00edmpico de Roma. Los jugadores citados por el director t\u00e9cnico Alejandro Sabella son los siguientes: Messi, [&hellip;]<\/p>\n","protected":false},"author":2,"featured_media":17535,"comment_status":"open","ping_status":"open","sticky":false,"template":"","format":"standard","meta":{"_et_pb_use_builder":"","_et_pb_old_content":"","_et_gb_content_width":"","footnotes":""},"categories":[14,49],"tags":[],"class_list":["post-17534","post","type-post","status-publish","format-standard","has-post-thumbnail","hentry","category-deportes","category-seleccion-argentina-2"],"_links":{"self":[{"href":"https:\/\/vocesdebaires.com.ar\/index.php\/wp-json\/wp\/v2\/posts\/17534"}],"collection":[{"href":"https:\/\/vocesdebaires.com.ar\/index.php\/wp-json\/wp\/v2\/posts"}],"about":[{"href":"https:\/\/vocesdebaires.com.ar\/index.php\/wp-json\/wp\/v2\/types\/post"}],"author":[{"embeddable":true,"href":"https:\/\/vocesdebaires.com.ar\/index.php\/wp-json\/wp\/v2\/users\/2"}],"replies":[{"embeddable":true,"href":"https:\/\/vocesdebaires.com.ar\/index.php\/wp-json\/wp\/v2\/comments?post=17534"}],"version-history":[{"count":0,"href":"https:\/\/vocesdebaires.com.ar\/index.php\/wp-json\/wp\/v2\/posts\/17534\/revisions"}],"wp:featuredmedia":[{"embeddable":true,"href":"https:\/\/vocesdebaires.com.ar\/index.php\/wp-json\/wp\/v2\/media\/17535"}],"wp:attachment":[{"href":"https:\/\/vocesdebaires.com.ar\/index.php\/wp-json\/wp\/v2\/media?parent=17534"}],"wp:term":[{"taxonomy":"category","embeddable":true,"href":"https:\/\/vocesdebaires.com.ar\/index.php\/wp-json\/wp\/v2\/categories?post=17534"},{"taxonomy":"post_tag","embeddable":true,"href":"https:\/\/vocesdebaires.com.ar\/index.php\/wp-json\/wp\/v2\/tags?post=17534"}],"curies":[{"name":"wp","href":"https:\/\/api.w.org\/{rel}","templated":true}]}}