{"id":1756,"date":"2020-06-08T18:14:19","date_gmt":"2020-06-08T21:14:19","guid":{"rendered":"http:\/\/vocesdebaires.com.ar\/wordpress\/index.php\/2020\/06\/08\/medidas-de-bienestar-integral-para-las-personas\/"},"modified":"2020-06-08T18:14:19","modified_gmt":"2020-06-08T21:14:19","slug":"medidas-de-bienestar-integral-para-las-personas","status":"publish","type":"post","link":"https:\/\/vocesdebaires.com.ar\/index.php\/2020\/06\/08\/medidas-de-bienestar-integral-para-las-personas\/","title":{"rendered":"Medidas de bienestar integral para las personas"},"content":{"rendered":"<p>El jefe de Gobierno porte\u00f1o, Horacio Rodr\u00edguez Larreta, inform\u00f3 el pasado viernes c\u00f3mo ser\u00e1n las nuevas medidas de bienestar integral que se implementar\u00e1n en la Ciudad a partir de hoy l 8 de junio en el marco del COVID-19.\u201cLa intenci\u00f3n es ir a una etapa donde podamos contemplar el bienestar integral de las personas\u201d, afirm\u00f3 Rodr\u00edguez Larreta, y explic\u00f3 que habr\u00e1 \u201cdos principios rectores: primero, restringir al m\u00e1ximo las grandes concentraciones de gente y, por otro lado, ir sumando actividades con estrictos protocolos que permitan tambi\u00e9n reducir el riesgo\u201d.<\/p>\n<p>En ese marco, anunci\u00f3 que \u201cdado lo bien que funcion\u00f3 en los barrios populares el sistema Detectar, a partir de ma\u00f1ana lo vamos a llevar al resto de la Ciudad\u201d, al destacar que \u201cen los \u00faltimos 10 d\u00edas vienen aumentando proporcionalmente m\u00e1s los casos en el resto de la ciudad que en los barrios vulnerables\u201d.En cuanto a la actividad comercial, el Jefe de Gobierno comunic\u00f3 que \u201cvan a poder abrir los comercios de indumentaria y calzado\u201d en zonas de barrio permitidas. Atender\u00e1n seg\u00fan el n\u00famero de documento, los d\u00edas pares para quienes tengan DNI par y los d\u00edas impares para quienes tengan DNI impar.<\/p>\n<p>El horario de atenci\u00f3n al p\u00fablico de estos comercios ser\u00e1 a partir de las 11, con medidas de higiene y distanciamiento. Los clientes tendr\u00e1n que lavarse las manos con alcohol en gel antes de entrar al local, no podr\u00e1n usarse los probadores, y se implementar\u00e1n mecanismos de devoluci\u00f3n de dinero mucho m\u00e1s \u00e1giles.El traslado de los empleados es responsabilidad del empleador y no se puede usar el transporte p\u00fablico interurbano, ya que est\u00e1 reservado para los trabajadores esenciales.<\/p>\n<p>Sigue la restricci\u00f3n en los ejes comerciales de alta circulaci\u00f3n. \u201cEn cuanto a los chicos, la experiencia de los fines de semana fue muy positiva\u201d, dijo Rodr\u00edguez Larreta. \u201cPor eso, van a poder salir el s\u00e1bado y el domingo y no va a correr m\u00e1s el tema de los n\u00fameros del documento. Van a poder salir como siempre con padre o madre, alrededor de sus casas. Lo pueden hacer ya desde este fin de semana\u201d, precis\u00f3.Las salidas deber\u00e1n ser hasta 500 metros del domicilio de residencia, manteniendo el distanciamiento social y uso de tapabocas para mayores de 6. El horario ser\u00e1 de 8 a 20, con una duraci\u00f3n m\u00e1xima de 60 minutos por d\u00eda.<\/p>\n<p>El Jefe de Gobierno tambi\u00e9n resalt\u00f3 la importancia de la actividad f\u00edsica, ya que \u201cpreviene enfermedades\u201d. Por eso, se habilitar\u00e1n las salidas a correr de 20 a 8, \u201cque es el horario donde los comercios y las actividades esenciales no funcionan\u201d. \u201cAs\u00ed evitamos la aglomeraci\u00f3n de gente\u201d, explic\u00f3 Rodr\u00edguez Larreta. \u201cVan a poder hacerlo de a no m\u00e1s de dos personas, y siempre a distancia\u201d, aclar\u00f3. El tapabocas no es de uso obligatorio mientras se realiza esta actividad y se mantiene el uso restringido de las postas aer\u00f3bicas. Tampoco est\u00e1 permitido el traslado en auto o transporte p\u00fablico para hacer ejercicio.<\/p>\n<p>Para esto, Rodr\u00edguez Larreta indic\u00f3 que \u201cvamos a reforzar la seguridad en los grandes parques, pensando en la seguridad de las mujeres que siempre son m\u00e1s vulnerables a los delitos\u201d.Por otra parte, anunci\u00f3 que los servicios de culto \u201cvan a poder hacer v\u00eda streaming sus actividades religiosas para ser difundidas a todas sus comunidades\u201d. Los ministros religiosos deber\u00e1n guardar distancia de seguridad y saneamiento de lugares y objetos, seg\u00fan protocolos. Siguen restringidas las celebraciones religiosas y socio pastorales.\u201cTambi\u00e9n se va a poder hacer streaming de actividades culturales, recitales, obras de teatro\u201d, dijo Rodr\u00edguez Larreta.<\/p>\n<p>Por \u00faltimo, el Jefe de Gobierno remarc\u00f3 que esta es \u201cuna situaci\u00f3n din\u00e1mica\u201d, y agreg\u00f3 que \u201cel foco hoy de la pandemia en la Argentina est\u00e1 en la capital y en el \u00e1rea metropolitana, lo cual era obvio que iba a pasar porque son los lugares de mayor densidad por lejos\u201d. Tambi\u00e9n estuvieron presentes en la conferencia el vicejefe y ministro de Justicia y Seguridad, Diego Santilli; el jefe de Gabinete, Felipe Miguel; el ministro de Salud, Fern\u00e1n Quir\u00f3s; la ministra de Desarrollo Humano y H\u00e1bitat, Mar\u00eda Migliore, y el ministro de Desarrollo Econ\u00f3mico y Producci\u00f3n, Jos\u00e9 Luis Giusti.<\/p>\n","protected":false},"excerpt":{"rendered":"<p>El jefe de Gobierno porte\u00f1o, Horacio Rodr\u00edguez Larreta, inform\u00f3 el pasado viernes c\u00f3mo ser\u00e1n las nuevas medidas de bienestar integral que se implementar\u00e1n en la Ciudad a partir de hoy l 8 de junio en el marco del COVID-19.\u201cLa intenci\u00f3n es ir a una etapa donde podamos contemplar el bienestar integral de las personas\u201d, afirm\u00f3 [&hellip;]<\/p>\n","protected":false},"author":1,"featured_media":1757,"comment_status":"open","ping_status":"open","sticky":false,"template":"","format":"standard","meta":{"_et_pb_use_builder":"","_et_pb_old_content":"","_et_gb_content_width":"","footnotes":""},"categories":[11,33],"tags":[],"class_list":["post-1756","post","type-post","status-publish","format-standard","has-post-thumbnail","hentry","category-ciudad","category-sociedad-y-cultura-2"],"_links":{"self":[{"href":"https:\/\/vocesdebaires.com.ar\/index.php\/wp-json\/wp\/v2\/posts\/1756"}],"collection":[{"href":"https:\/\/vocesdebaires.com.ar\/index.php\/wp-json\/wp\/v2\/posts"}],"about":[{"href":"https:\/\/vocesdebaires.com.ar\/index.php\/wp-json\/wp\/v2\/types\/post"}],"author":[{"embeddable":true,"href":"https:\/\/vocesdebaires.com.ar\/index.php\/wp-json\/wp\/v2\/users\/1"}],"replies":[{"embeddable":true,"href":"https:\/\/vocesdebaires.com.ar\/index.php\/wp-json\/wp\/v2\/comments?post=1756"}],"version-history":[{"count":0,"href":"https:\/\/vocesdebaires.com.ar\/index.php\/wp-json\/wp\/v2\/posts\/1756\/revisions"}],"wp:featuredmedia":[{"embeddable":true,"href":"https:\/\/vocesdebaires.com.ar\/index.php\/wp-json\/wp\/v2\/media\/1757"}],"wp:attachment":[{"href":"https:\/\/vocesdebaires.com.ar\/index.php\/wp-json\/wp\/v2\/media?parent=1756"}],"wp:term":[{"taxonomy":"category","embeddable":true,"href":"https:\/\/vocesdebaires.com.ar\/index.php\/wp-json\/wp\/v2\/categories?post=1756"},{"taxonomy":"post_tag","embeddable":true,"href":"https:\/\/vocesdebaires.com.ar\/index.php\/wp-json\/wp\/v2\/tags?post=1756"}],"curies":[{"name":"wp","href":"https:\/\/api.w.org\/{rel}","templated":true}]}}