{"id":17703,"date":"2013-06-17T14:52:07","date_gmt":"2013-06-17T17:52:07","guid":{"rendered":"http:\/\/vocesdebaires.com.ar\/wordpress\/index.php\/2013\/06\/17\/consumado-su-descenso-a-la-b\/"},"modified":"2013-06-17T14:52:07","modified_gmt":"2013-06-17T17:52:07","slug":"consumado-su-descenso-a-la-b","status":"publish","type":"post","link":"https:\/\/vocesdebaires.com.ar\/index.php\/2013\/06\/17\/consumado-su-descenso-a-la-b\/","title":{"rendered":"Consumado su descenso a la B"},"content":{"rendered":"<p>\u00a0<br \/>\nEl d\u00eda despu\u00e9s siempre suele ser m\u00e1s duro. El domingo nublado, fr\u00edo y lluvioso ni siquiera le hizo un mimo a los que el s\u00e1bado por la tarde sufrieron el descenso de Independiente. Para aplaudir de pie a los que lo padecieron desde la cancha, demostrando una actitud impensada, teniendo en cuenta la actualidad del f\u00fatbol argentino, en la que la violencia le saca cada vez m\u00e1s protagonismo a la pelota. A\u00fan es temprano para que el mundo Rojo deje atr\u00e1s los errores, los reproches, las culpas y tantos eslabones que encadenaron el triste desenlace de un Diablo que alcanz\u00f3 el infierno por primera vez en su historia. Sin embargo, y a pesar de no ser encantador, el show debe continuar. Independiente jugar\u00e1 la B Nacional, un torneo que presentar\u00e1 estructura a partir de la temporada 2013\/14, ya que ser\u00e1n 22 equipos los que competir\u00e1n por los tres ascensos a Primera y los que buscar\u00e1n evitar los \u00a1cuatro descensos! El objetivo ser\u00e1 volver r\u00e1pido, pero en el trayecto habr\u00e1 m\u00e1s de un obst\u00e1culo.<br \/>\n Lo que te espera, Rojo&#8230;<br \/>\n Equipo que desciende, paga. O, mejor dicho, cobra menos. Independiente recibir\u00e1 menos ingresos por jugar en la segunda categor\u00eda (de los casi 29 millones de pesos que recib\u00eda de la TV por temporada, pasar\u00eda a recaudar 3,5), aunque tendr\u00eda un plus, al igual que le pas\u00f3 a River. \u00bfOtra contra? La cantidad de fechas (42, jug\u00e1ndose dos ruedas de 21 partidos), sum\u00e1ndose los kil\u00f3metros que recorrer\u00e1 por el interior del pa\u00eds, con todo lo que eso implica. Asimismo, se cruzar\u00e1 con rivales desconocidos y se topar\u00e1 con dos que prometen: el Banfield de Mat\u00edas Almeyda y el Hurac\u00e1n del Turco Mohamed. Los cambios no terminan ah\u00ed. Adem\u00e1s de reorganizar el club desde el escritorio (\u00bfqu\u00e9 pasar\u00e1 con Javier Cantero?), el plantel sufrir\u00e1 una limpieza a fondo. La lista de los candidatos a irse es larga: Ernesto Far\u00edas, Luciano Leguizam\u00f3n, Roberto Batti\u00f3n, Osmar Ferreyra, Hilario Navarro, Gabriel Vall\u00e9s, Eduardo Tuzzio y Jonathan Santana. Los altos contratos de Fabi\u00e1n Vargas, Cristian Tula y Claudio Morel Rodr\u00edguez complican su continuidad, adem\u00e1s de que no estar\u00edan dispuestos a jugar en el ascenso. En tanto, los v\u00ednculos con Adri\u00e1n Gabbarini, Leonel Galeano y Fernando Godoy se terminan al final del torneo. Los soldados firmes, por ahora, son Miguel Brindisi y Rolfi Montenegro (su contrato es hasta 2014).<\/p>\n","protected":false},"excerpt":{"rendered":"<p>\u00a0 El d\u00eda despu\u00e9s siempre suele ser m\u00e1s duro. El domingo nublado, fr\u00edo y lluvioso ni siquiera le hizo un mimo a los que el s\u00e1bado por la tarde sufrieron el descenso de Independiente. Para aplaudir de pie a los que lo padecieron desde la cancha, demostrando una actitud impensada, teniendo en cuenta la actualidad [&hellip;]<\/p>\n","protected":false},"author":2,"featured_media":17704,"comment_status":"open","ping_status":"open","sticky":false,"template":"","format":"standard","meta":{"_et_pb_use_builder":"","_et_pb_old_content":"","_et_gb_content_width":"","footnotes":""},"categories":[39,14],"tags":[],"class_list":["post-17703","post","type-post","status-publish","format-standard","has-post-thumbnail","hentry","category-1o-division-a","category-deportes"],"_links":{"self":[{"href":"https:\/\/vocesdebaires.com.ar\/index.php\/wp-json\/wp\/v2\/posts\/17703"}],"collection":[{"href":"https:\/\/vocesdebaires.com.ar\/index.php\/wp-json\/wp\/v2\/posts"}],"about":[{"href":"https:\/\/vocesdebaires.com.ar\/index.php\/wp-json\/wp\/v2\/types\/post"}],"author":[{"embeddable":true,"href":"https:\/\/vocesdebaires.com.ar\/index.php\/wp-json\/wp\/v2\/users\/2"}],"replies":[{"embeddable":true,"href":"https:\/\/vocesdebaires.com.ar\/index.php\/wp-json\/wp\/v2\/comments?post=17703"}],"version-history":[{"count":0,"href":"https:\/\/vocesdebaires.com.ar\/index.php\/wp-json\/wp\/v2\/posts\/17703\/revisions"}],"wp:featuredmedia":[{"embeddable":true,"href":"https:\/\/vocesdebaires.com.ar\/index.php\/wp-json\/wp\/v2\/media\/17704"}],"wp:attachment":[{"href":"https:\/\/vocesdebaires.com.ar\/index.php\/wp-json\/wp\/v2\/media?parent=17703"}],"wp:term":[{"taxonomy":"category","embeddable":true,"href":"https:\/\/vocesdebaires.com.ar\/index.php\/wp-json\/wp\/v2\/categories?post=17703"},{"taxonomy":"post_tag","embeddable":true,"href":"https:\/\/vocesdebaires.com.ar\/index.php\/wp-json\/wp\/v2\/tags?post=17703"}],"curies":[{"name":"wp","href":"https:\/\/api.w.org\/{rel}","templated":true}]}}