{"id":17707,"date":"2013-06-17T15:04:07","date_gmt":"2013-06-17T18:04:07","guid":{"rendered":"http:\/\/vocesdebaires.com.ar\/wordpress\/index.php\/2013\/06\/17\/copa-de-las-confederaciones\/"},"modified":"2013-06-17T15:04:07","modified_gmt":"2013-06-17T18:04:07","slug":"copa-de-las-confederaciones","status":"publish","type":"post","link":"https:\/\/vocesdebaires.com.ar\/index.php\/2013\/06\/17\/copa-de-las-confederaciones\/","title":{"rendered":"Copa de las confederaciones"},"content":{"rendered":"<p>\u00a0<br \/>\nFue todo para los europeos en la segunda jornada de la Copa de las Confederaciones que se celebra en Brasil. Tras el partido inaugural que se disput\u00f3 el s\u00e1bado y en el que el due\u00f1o de casa apabull\u00f3 3-0 a Jap\u00f3n, ayer fue todo para los del Viejo Continente. Es que Italia venci\u00f3 por 2-1 a M\u00e9xico y Espa\u00f1a repiti\u00f3 el marcador para superar a Uruguay.<br \/>\n Europa Europa &#8230;<br \/>\n Italia trabaj\u00f3 para vencer a M\u00e9xico. En el primer tiempo, Andrea Pirlo, de tiro libre, abri\u00f3 la cuenta a los 27\u2019, y Chicharito Hern\u00e1ndez igual\u00f3 a los 34\u2019 de penal. Puso cifras definitivas Mario Balotelli, a los 33\u2019 del ST. La Azzurra qued\u00f3 segunda en el grupo A con 3 puntos, los mismos de Brasil, que lidera por diferencia de goles. Espa\u00f1a dio un recital para derrotar a Uruguay en un partido que debi\u00f3 ganar con mucha mayor amplitud. Diego Lugano, en contra, puso en ventaja a los ib\u00e9ricos a los 20\u2019, que aumentaron a trav\u00e9s de Roberto Soldado a los 32\u2019. Todo en la primera parte. Luis Su\u00e1rez maquill\u00f3 el resultado con un tiro libre a dos del final. As\u00ed mandan en el grupo B, que hoy se completa con Nigeria-Tahit\u00ed. Los africanos reci\u00e9n llegaron ayer tras sortear varios problemas burocr\u00e1ticos.<\/p>\n","protected":false},"excerpt":{"rendered":"<p>\u00a0 Fue todo para los europeos en la segunda jornada de la Copa de las Confederaciones que se celebra en Brasil. Tras el partido inaugural que se disput\u00f3 el s\u00e1bado y en el que el due\u00f1o de casa apabull\u00f3 3-0 a Jap\u00f3n, ayer fue todo para los del Viejo Continente. Es que Italia venci\u00f3 por [&hellip;]<\/p>\n","protected":false},"author":2,"featured_media":17708,"comment_status":"open","ping_status":"open","sticky":false,"template":"","format":"standard","meta":{"_et_pb_use_builder":"","_et_pb_old_content":"","_et_gb_content_width":"","footnotes":""},"categories":[14,50],"tags":[],"class_list":["post-17707","post","type-post","status-publish","format-standard","has-post-thumbnail","hentry","category-deportes","category-futbol-internacional-2"],"_links":{"self":[{"href":"https:\/\/vocesdebaires.com.ar\/index.php\/wp-json\/wp\/v2\/posts\/17707"}],"collection":[{"href":"https:\/\/vocesdebaires.com.ar\/index.php\/wp-json\/wp\/v2\/posts"}],"about":[{"href":"https:\/\/vocesdebaires.com.ar\/index.php\/wp-json\/wp\/v2\/types\/post"}],"author":[{"embeddable":true,"href":"https:\/\/vocesdebaires.com.ar\/index.php\/wp-json\/wp\/v2\/users\/2"}],"replies":[{"embeddable":true,"href":"https:\/\/vocesdebaires.com.ar\/index.php\/wp-json\/wp\/v2\/comments?post=17707"}],"version-history":[{"count":0,"href":"https:\/\/vocesdebaires.com.ar\/index.php\/wp-json\/wp\/v2\/posts\/17707\/revisions"}],"wp:featuredmedia":[{"embeddable":true,"href":"https:\/\/vocesdebaires.com.ar\/index.php\/wp-json\/wp\/v2\/media\/17708"}],"wp:attachment":[{"href":"https:\/\/vocesdebaires.com.ar\/index.php\/wp-json\/wp\/v2\/media?parent=17707"}],"wp:term":[{"taxonomy":"category","embeddable":true,"href":"https:\/\/vocesdebaires.com.ar\/index.php\/wp-json\/wp\/v2\/categories?post=17707"},{"taxonomy":"post_tag","embeddable":true,"href":"https:\/\/vocesdebaires.com.ar\/index.php\/wp-json\/wp\/v2\/tags?post=17707"}],"curies":[{"name":"wp","href":"https:\/\/api.w.org\/{rel}","templated":true}]}}