{"id":17711,"date":"2013-06-17T15:13:28","date_gmt":"2013-06-17T18:13:28","guid":{"rendered":"http:\/\/vocesdebaires.com.ar\/wordpress\/index.php\/2013\/06\/17\/solo-sirvio-para-salir-del-fondo\/"},"modified":"2013-06-17T15:13:28","modified_gmt":"2013-06-17T18:13:28","slug":"solo-sirvio-para-salir-del-fondo","status":"publish","type":"post","link":"https:\/\/vocesdebaires.com.ar\/index.php\/2013\/06\/17\/solo-sirvio-para-salir-del-fondo\/","title":{"rendered":"S\u00f3lo sirvi\u00f3 para salir del fondo"},"content":{"rendered":"<p>\u00a0<br \/>\nCuando decidi\u00f3 volver a dirigir, Carlos Bianchi jam\u00e1s hubiera imaginado que estar\u00eda obligado a ganar un partido para no ver a Boca en el \u00faltimo puesto. Sin embargo, tras un semestre para el olvido, esa fue la situaci\u00f3n que se present\u00f3 en la Bombonera y, al menos, los de La Ribera cumplieron con el modesto objetivo. Le ganaron a Arsenal por 1-0 con gol de Walter Erviti, a los treinta minutos del segundo tiempo, y as\u00ed superaron a Argentinos y Estudiantes en el fondo de la tabla de posiciones.<br \/>\n Antes del \u00fanico tanto del encuentro, el \u00e1rbitro Germ\u00e1n Delfino tuvo un par de decisiones pol\u00e9micas. En el primer tiempo le anul\u00f3 un gol a Julio Furch por posici\u00f3n adelantada, pero el delantero estaba habilitado por Juan S\u00e1nchez Mi\u00f1o, que hab\u00eda quedado relegado cerca de su arco tras perseguir a Pablo Lug\u00fcercio. Ya en el complemento, pero a\u00fan 0-0, Juan Rom\u00e1n Riquelme le peg\u00f3 al arco y Diego Braghieri la rechaz\u00f3 con la mano tir\u00e1ndose al piso. El juez la juzg\u00f3 como casual, pero el brazo del defensor pareci\u00f3 estar demasiado extendido&#8230; En contrapartida, al zaguero tambi\u00e9n se le invalid\u00f3 un tanto de cabeza (hubiera sido el empate), pero en esa s\u00ed estuvo correcto Delfino, porque Braghieri estaba adelantado. Menci\u00f3n aparte para Riquelme, que volvi\u00f3 a jugar luego de varias semanas afectado por un virus y logr\u00f3 por fin elevar el volumen de juego de Boca. Adem\u00e1s, con un ca\u00f1o a Mariano Gonz\u00e1lez y un remate picado que Cristian Campestrini desvi\u00f3 con lo justo (dio en el travesa\u00f1o), demostr\u00f3 que su talento sigue intacto. Fue la figura del partido. Aunque s\u00f3lo haya servido para salir del fondo.<\/p>\n","protected":false},"excerpt":{"rendered":"<p>\u00a0 Cuando decidi\u00f3 volver a dirigir, Carlos Bianchi jam\u00e1s hubiera imaginado que estar\u00eda obligado a ganar un partido para no ver a Boca en el \u00faltimo puesto. Sin embargo, tras un semestre para el olvido, esa fue la situaci\u00f3n que se present\u00f3 en la Bombonera y, al menos, los de La Ribera cumplieron con el [&hellip;]<\/p>\n","protected":false},"author":2,"featured_media":17712,"comment_status":"open","ping_status":"open","sticky":false,"template":"","format":"standard","meta":{"_et_pb_use_builder":"","_et_pb_old_content":"","_et_gb_content_width":"","footnotes":""},"categories":[39,14],"tags":[],"class_list":["post-17711","post","type-post","status-publish","format-standard","has-post-thumbnail","hentry","category-1o-division-a","category-deportes"],"_links":{"self":[{"href":"https:\/\/vocesdebaires.com.ar\/index.php\/wp-json\/wp\/v2\/posts\/17711"}],"collection":[{"href":"https:\/\/vocesdebaires.com.ar\/index.php\/wp-json\/wp\/v2\/posts"}],"about":[{"href":"https:\/\/vocesdebaires.com.ar\/index.php\/wp-json\/wp\/v2\/types\/post"}],"author":[{"embeddable":true,"href":"https:\/\/vocesdebaires.com.ar\/index.php\/wp-json\/wp\/v2\/users\/2"}],"replies":[{"embeddable":true,"href":"https:\/\/vocesdebaires.com.ar\/index.php\/wp-json\/wp\/v2\/comments?post=17711"}],"version-history":[{"count":0,"href":"https:\/\/vocesdebaires.com.ar\/index.php\/wp-json\/wp\/v2\/posts\/17711\/revisions"}],"wp:featuredmedia":[{"embeddable":true,"href":"https:\/\/vocesdebaires.com.ar\/index.php\/wp-json\/wp\/v2\/media\/17712"}],"wp:attachment":[{"href":"https:\/\/vocesdebaires.com.ar\/index.php\/wp-json\/wp\/v2\/media?parent=17711"}],"wp:term":[{"taxonomy":"category","embeddable":true,"href":"https:\/\/vocesdebaires.com.ar\/index.php\/wp-json\/wp\/v2\/categories?post=17711"},{"taxonomy":"post_tag","embeddable":true,"href":"https:\/\/vocesdebaires.com.ar\/index.php\/wp-json\/wp\/v2\/tags?post=17711"}],"curies":[{"name":"wp","href":"https:\/\/api.w.org\/{rel}","templated":true}]}}